{"id":560,"date":"2024-12-05T12:23:52","date_gmt":"2024-12-05T12:23:52","guid":{"rendered":"https:\/\/www.richardappelbom.se\/?p=560"},"modified":"2024-12-05T12:23:53","modified_gmt":"2024-12-05T12:23:53","slug":"bred-regering-tappar-mark-i-rumanien","status":"publish","type":"post","link":"https:\/\/www.richardappelbom.se\/index.php\/2024\/12\/05\/bred-regering-tappar-mark-i-rumanien\/","title":{"rendered":"Bred regering tappar mark i Rum\u00e4nien"},"content":{"rendered":"\n<figure class=\"wp-block-image size-full\"><img loading=\"lazy\" decoding=\"async\" width=\"1024\" height=\"614\" src=\"https:\/\/www.richardappelbom.se\/wp-content\/uploads\/2024\/12\/Bucharest_-_Palace_of_the_Parliament_2024_2.jpg\" alt=\"\" class=\"wp-image-561\" srcset=\"https:\/\/www.richardappelbom.se\/wp-content\/uploads\/2024\/12\/Bucharest_-_Palace_of_the_Parliament_2024_2.jpg 1024w, https:\/\/www.richardappelbom.se\/wp-content\/uploads\/2024\/12\/Bucharest_-_Palace_of_the_Parliament_2024_2-300x180.jpg 300w, https:\/\/www.richardappelbom.se\/wp-content\/uploads\/2024\/12\/Bucharest_-_Palace_of_the_Parliament_2024_2-768x461.jpg 768w\" sizes=\"auto, (max-width: 1024px) 100vw, 1024px\" \/><\/figure>\n\n\n\n<p>Parlamentsbyggnaden i Bukarest, Rum\u00e4nien. Bild fr\u00e5n Wikipedia<\/p>\n\n\n\n<p>I f\u00f6rsta omg\u00e5ngen i<a href=\"https:\/\/en.wikipedia.org\/wiki\/2024_Romanian_presidential_election\"> presidentvalet<\/a> i Rum\u00e4nien fick h\u00f6ggerradikale <a href=\"https:\/\/en.wikipedia.org\/wiki\/C%C4%83lin_Georgescu\">C\u0103lin Georgescu<\/a>\u00a0flest r\u00f6ster trots mycket l\u00e5gt st\u00f6d i opinionsm\u00e4tningarna. Det har <a href=\"https:\/\/www.bbc.com\/news\/articles\/cgq18w507dko\">v\u00e4ckt fr\u00e5gor<\/a> om manipulering och utl\u00e4ndsk p\u00e5verkan.I <a href=\"https:\/\/en.wikipedia.org\/wiki\/2024_Romanian_parliamentary_election\">parlamentsvalet <\/a>veckan efter gick det b\u00e4ttre f\u00f6r de etablerade partierna, men de tappade st\u00f6d till h\u00f6gernationalistiska partier.<\/p>\n\n\n\n<p>Rum\u00e4nien har ett tv\u00e5kammarsystem med val till b\u00e5da kamrarna samtidigt. Vlasystemet \u00e4r likartat, med en femprocentssp\u00e4rr f\u00f6r partier och h\u00f6gre sp\u00e4rr f\u00f6r valallianser. I representanthuset, med 330 ledam\u00f6ter kan representanter f\u00f6r minoriteter f\u00e5 plats om de n\u00e5r ett visst (ganska l\u00e5gt) r\u00f6stst\u00f6d. Efter det h\u00e4r valet finns det 19 minoritetsrepresentanter. Som kuriosa kan noteras att h\u00e4r finns Tjckoslovakien kvar, tjecker och slovaker har ett <a href=\"https:\/\/en.wikipedia.org\/wiki\/Democratic_Union_of_Slovaks_and_Czechs_of_Romania\">gemensamt parti.<\/a> med ett mandat<\/p>\n\n\n\n<p>Senaten har 136 ledam\u00f6ter.  Valresultatet \u00e4r lika, men inte identistiskt f\u00f6r de b\u00e5da kamrarna. Rum\u00e4nien styrdes av en majoritetskoalition av socialdemokrater och nationalliberaler. Partierna backade och f\u00f6rlorade majoriteten. H\u00f6gerradikala partier gick fram och fick sammanlagt drygt 30 procent av r\u00f6sterna. \u00d6ver 10 procent av v\u00e4ljarna r\u00f6stade p\u00e5 partier som inte fick n\u00e5gra platser i parlamentet.<\/p>\n\n\n\n<p>Som i flera l\u00e4nder finns missn\u00f6je med d\u00e5lig ekonomi, misstro mot styrande och i Rum\u00e4nien r\u00e4dsla f\u00f6r att kriget i grannlandet Ukraina ska spridas. Det bidrog till valresultatet, noterbart \u00e4r att <a href=\"https:\/\/www.newstatesman.com\/world\/europe\/2024\/12\/romania-election-diaspora-calin-georgescu\">diasporan,<\/a> de m\u00e5nga rum\u00e4ner som flyttat till andra EU-l\u00e4nder, i h\u00f6g grad st\u00f6dde den h\u00f6gerradikale presidentkandidaten.<\/p>\n\n\n\n<p>Det kan g\u00e5 f\u00f6r de styrande partierna att f\u00e5 ihop en ny regering, men d\u00e5 beh\u00f6ver de st\u00f6d fr\u00e5n fler partier. Rum\u00e4nien tycks som s\u00e5 m\u00e5nga andra l\u00e4nder ha ett h\u00f6gerradikalt v\u00e4ljarblock p\u00e5 15-30 procent.<\/p>\n\n\n\n<p><\/p>\n\n\n\n<p><\/p>\n","protected":false},"excerpt":{"rendered":"<p>Parlamentsbyggnaden i Bukarest, Rum\u00e4nien. Bild fr\u00e5n Wikipedia I f\u00f6rsta omg\u00e5ngen i presidentvalet i Rum\u00e4nien fick h\u00f6ggerradikale C\u0103lin Georgescu\u00a0flest r\u00f6ster trots mycket l\u00e5gt st\u00f6d i opinionsm\u00e4tningarna. Det har v\u00e4ckt fr\u00e5gor om manipulering och utl\u00e4ndsk p\u00e5verkan.I parlamentsvalet veckan efter gick det b\u00e4ttre f\u00f6r de etablerade partierna, men de tappade st\u00f6d till h\u00f6gernationalistiska partier. Rum\u00e4nien har ett tv\u00e5kammarsystem [&hellip;]<\/p>\n","protected":false},"author":1,"featured_media":0,"comment_status":"open","ping_status":"closed","sticky":false,"template":"","format":"standard","meta":{"_jetpack_memberships_contains_paid_content":false,"footnotes":""},"categories":[10],"tags":[],"class_list":["post-560","post","type-post","status-publish","format-standard","hentry","category-allman-inlagg"],"yoast_head":"<!-- This site is optimized with the Yoast SEO plugin v27.2 - https:\/\/yoast.com\/product\/yoast-seo-wordpress\/ -->\n<title>Bred regering tappar mark i Rum\u00e4nien - Richard Appelbom<\/title>\n<meta name=\"description\" content=\"Inte lika dramatiska framg\u00e5ngar f\u00f6r ytterh\u00f6gern i parlamentsvalet som i presidentvalets f\u00f6rsta omg\u00e5ng\" \/>\n<meta name=\"robots\" content=\"index, follow, max-snippet:-1, max-image-preview:large, max-video-preview:-1\" \/>\n<link rel=\"canonical\" href=\"https:\/\/www.richardappelbom.se\/index.php\/2024\/12\/05\/bred-regering-tappar-mark-i-rumanien\/\" \/>\n<meta property=\"og:locale\" content=\"en_US\" \/>\n<meta property=\"og:type\" content=\"article\" \/>\n<meta property=\"og:title\" content=\"Bred regering tappar mark i Rum\u00e4nien - Richard Appelbom\" \/>\n<meta property=\"og:description\" content=\"Inte lika dramatiska framg\u00e5ngar f\u00f6r ytterh\u00f6gern i parlamentsvalet som i presidentvalets f\u00f6rsta omg\u00e5ng\" \/>\n<meta property=\"og:url\" content=\"https:\/\/www.richardappelbom.se\/index.php\/2024\/12\/05\/bred-regering-tappar-mark-i-rumanien\/\" \/>\n<meta property=\"og:site_name\" content=\"Richard Appelbom\" \/>\n<meta property=\"article:publisher\" content=\"https:\/\/www.facebook.com\/rappelbom\" \/>\n<meta property=\"article:author\" content=\"https:\/\/www.facebook.com\/rappelbom\" \/>\n<meta property=\"article:published_time\" content=\"2024-12-05T12:23:52+00:00\" \/>\n<meta property=\"article:modified_time\" content=\"2024-12-05T12:23:53+00:00\" \/>\n<meta property=\"og:image\" content=\"https:\/\/www.richardappelbom.se\/wp-content\/uploads\/2024\/12\/Bucharest_-_Palace_of_the_Parliament_2024_2.jpg\" \/>\n<meta name=\"author\" content=\"admin\" \/>\n<meta name=\"twitter:card\" content=\"summary_large_image\" \/>\n<meta name=\"twitter:creator\" content=\"@RichardAppelbom\" \/>\n<meta name=\"twitter:site\" content=\"@RichardAppelbom\" \/>\n<meta name=\"twitter:label1\" content=\"Written by\" \/>\n\t<meta name=\"twitter:data1\" content=\"admin\" \/>\n\t<meta name=\"twitter:label2\" content=\"Est. reading time\" \/>\n\t<meta name=\"twitter:data2\" content=\"2 minutes\" \/>\n<script type=\"application\/ld+json\" class=\"yoast-schema-graph\">{\"@context\":\"https:\/\/schema.org\",\"@graph\":[{\"@type\":\"Article\",\"@id\":\"https:\/\/www.richardappelbom.se\/index.php\/2024\/12\/05\/bred-regering-tappar-mark-i-rumanien\/#article\",\"isPartOf\":{\"@id\":\"https:\/\/www.richardappelbom.se\/index.php\/2024\/12\/05\/bred-regering-tappar-mark-i-rumanien\/\"},\"author\":{\"name\":\"admin\",\"@id\":\"https:\/\/www.richardappelbom.se\/#\/schema\/person\/98f55ffd095155d902e585f10999a15d\"},\"headline\":\"Bred regering tappar mark i Rum\u00e4nien\",\"datePublished\":\"2024-12-05T12:23:52+00:00\",\"dateModified\":\"2024-12-05T12:23:53+00:00\",\"mainEntityOfPage\":{\"@id\":\"https:\/\/www.richardappelbom.se\/index.php\/2024\/12\/05\/bred-regering-tappar-mark-i-rumanien\/\"},\"wordCount\":327,\"commentCount\":0,\"image\":{\"@id\":\"https:\/\/www.richardappelbom.se\/index.php\/2024\/12\/05\/bred-regering-tappar-mark-i-rumanien\/#primaryimage\"},\"thumbnailUrl\":\"https:\/\/www.richardappelbom.se\/wp-content\/uploads\/2024\/12\/Bucharest_-_Palace_of_the_Parliament_2024_2.jpg\",\"articleSection\":[\"Allm\u00e4n Posts\"],\"inLanguage\":\"en-US\",\"potentialAction\":[{\"@type\":\"CommentAction\",\"name\":\"Comment\",\"target\":[\"https:\/\/www.richardappelbom.se\/index.php\/2024\/12\/05\/bred-regering-tappar-mark-i-rumanien\/#respond\"]}]},{\"@type\":\"WebPage\",\"@id\":\"https:\/\/www.richardappelbom.se\/index.php\/2024\/12\/05\/bred-regering-tappar-mark-i-rumanien\/\",\"url\":\"https:\/\/www.richardappelbom.se\/index.php\/2024\/12\/05\/bred-regering-tappar-mark-i-rumanien\/\",\"name\":\"Bred regering tappar mark i Rum\u00e4nien - Richard Appelbom\",\"isPartOf\":{\"@id\":\"https:\/\/www.richardappelbom.se\/#website\"},\"primaryImageOfPage\":{\"@id\":\"https:\/\/www.richardappelbom.se\/index.php\/2024\/12\/05\/bred-regering-tappar-mark-i-rumanien\/#primaryimage\"},\"image\":{\"@id\":\"https:\/\/www.richardappelbom.se\/index.php\/2024\/12\/05\/bred-regering-tappar-mark-i-rumanien\/#primaryimage\"},\"thumbnailUrl\":\"https:\/\/www.richardappelbom.se\/wp-content\/uploads\/2024\/12\/Bucharest_-_Palace_of_the_Parliament_2024_2.jpg\",\"datePublished\":\"2024-12-05T12:23:52+00:00\",\"dateModified\":\"2024-12-05T12:23:53+00:00\",\"author\":{\"@id\":\"https:\/\/www.richardappelbom.se\/#\/schema\/person\/98f55ffd095155d902e585f10999a15d\"},\"description\":\"Inte lika dramatiska framg\u00e5ngar f\u00f6r ytterh\u00f6gern i parlamentsvalet som i presidentvalets f\u00f6rsta omg\u00e5ng\",\"breadcrumb\":{\"@id\":\"https:\/\/www.richardappelbom.se\/index.php\/2024\/12\/05\/bred-regering-tappar-mark-i-rumanien\/#breadcrumb\"},\"inLanguage\":\"en-US\",\"potentialAction\":[{\"@type\":\"ReadAction\",\"target\":[\"https:\/\/www.richardappelbom.se\/index.php\/2024\/12\/05\/bred-regering-tappar-mark-i-rumanien\/\"]}]},{\"@type\":\"ImageObject\",\"inLanguage\":\"en-US\",\"@id\":\"https:\/\/www.richardappelbom.se\/index.php\/2024\/12\/05\/bred-regering-tappar-mark-i-rumanien\/#primaryimage\",\"url\":\"https:\/\/www.richardappelbom.se\/wp-content\/uploads\/2024\/12\/Bucharest_-_Palace_of_the_Parliament_2024_2.jpg\",\"contentUrl\":\"https:\/\/www.richardappelbom.se\/wp-content\/uploads\/2024\/12\/Bucharest_-_Palace_of_the_Parliament_2024_2.jpg\",\"width\":1024,\"height\":614},{\"@type\":\"BreadcrumbList\",\"@id\":\"https:\/\/www.richardappelbom.se\/index.php\/2024\/12\/05\/bred-regering-tappar-mark-i-rumanien\/#breadcrumb\",\"itemListElement\":[{\"@type\":\"ListItem\",\"position\":1,\"name\":\"Home\",\"item\":\"https:\/\/www.richardappelbom.se\/\"},{\"@type\":\"ListItem\",\"position\":2,\"name\":\"Bred regering tappar mark i Rum\u00e4nien\"}]},{\"@type\":\"WebSite\",\"@id\":\"https:\/\/www.richardappelbom.se\/#website\",\"url\":\"https:\/\/www.richardappelbom.se\/\",\"name\":\"Richard Appelbom\",\"description\":\"En blogg om val och valsystem\",\"potentialAction\":[{\"@type\":\"SearchAction\",\"target\":{\"@type\":\"EntryPoint\",\"urlTemplate\":\"https:\/\/www.richardappelbom.se\/?s={search_term_string}\"},\"query-input\":{\"@type\":\"PropertyValueSpecification\",\"valueRequired\":true,\"valueName\":\"search_term_string\"}}],\"inLanguage\":\"en-US\"},{\"@type\":\"Person\",\"@id\":\"https:\/\/www.richardappelbom.se\/#\/schema\/person\/98f55ffd095155d902e585f10999a15d\",\"name\":\"admin\",\"image\":{\"@type\":\"ImageObject\",\"inLanguage\":\"en-US\",\"@id\":\"https:\/\/secure.gravatar.com\/avatar\/480edd36f6cc3945e6b2db9fdc6f78df2a3fb98b7b27925b8d810863cfa537e7?s=96&d=mm&r=g\",\"url\":\"https:\/\/secure.gravatar.com\/avatar\/480edd36f6cc3945e6b2db9fdc6f78df2a3fb98b7b27925b8d810863cfa537e7?s=96&d=mm&r=g\",\"contentUrl\":\"https:\/\/secure.gravatar.com\/avatar\/480edd36f6cc3945e6b2db9fdc6f78df2a3fb98b7b27925b8d810863cfa537e7?s=96&d=mm&r=g\",\"caption\":\"admin\"},\"sameAs\":[\"https:\/\/www.facebook.com\/rappelbom\",\"https:\/\/twitter.com\/RichardAppelbom\"],\"url\":\"https:\/\/www.richardappelbom.se\/index.php\/author\/ra_j9l6616t\/\"}]}<\/script>\n<!-- \/ Yoast SEO plugin. -->","yoast_head_json":{"title":"Bred regering tappar mark i Rum\u00e4nien - Richard Appelbom","description":"Inte lika dramatiska framg\u00e5ngar f\u00f6r ytterh\u00f6gern i parlamentsvalet som i presidentvalets f\u00f6rsta omg\u00e5ng","robots":{"index":"index","follow":"follow","max-snippet":"max-snippet:-1","max-image-preview":"max-image-preview:large","max-video-preview":"max-video-preview:-1"},"canonical":"https:\/\/www.richardappelbom.se\/index.php\/2024\/12\/05\/bred-regering-tappar-mark-i-rumanien\/","og_locale":"en_US","og_type":"article","og_title":"Bred regering tappar mark i Rum\u00e4nien - Richard Appelbom","og_description":"Inte lika dramatiska framg\u00e5ngar f\u00f6r ytterh\u00f6gern i parlamentsvalet som i presidentvalets f\u00f6rsta omg\u00e5ng","og_url":"https:\/\/www.richardappelbom.se\/index.php\/2024\/12\/05\/bred-regering-tappar-mark-i-rumanien\/","og_site_name":"Richard Appelbom","article_publisher":"https:\/\/www.facebook.com\/rappelbom","article_author":"https:\/\/www.facebook.com\/rappelbom","article_published_time":"2024-12-05T12:23:52+00:00","article_modified_time":"2024-12-05T12:23:53+00:00","og_image":[{"url":"https:\/\/www.richardappelbom.se\/wp-content\/uploads\/2024\/12\/Bucharest_-_Palace_of_the_Parliament_2024_2.jpg","type":"","width":"","height":""}],"author":"admin","twitter_card":"summary_large_image","twitter_creator":"@RichardAppelbom","twitter_site":"@RichardAppelbom","twitter_misc":{"Written by":"admin","Est. reading time":"2 minutes"},"schema":{"@context":"https:\/\/schema.org","@graph":[{"@type":"Article","@id":"https:\/\/www.richardappelbom.se\/index.php\/2024\/12\/05\/bred-regering-tappar-mark-i-rumanien\/#article","isPartOf":{"@id":"https:\/\/www.richardappelbom.se\/index.php\/2024\/12\/05\/bred-regering-tappar-mark-i-rumanien\/"},"author":{"name":"admin","@id":"https:\/\/www.richardappelbom.se\/#\/schema\/person\/98f55ffd095155d902e585f10999a15d"},"headline":"Bred regering tappar mark i Rum\u00e4nien","datePublished":"2024-12-05T12:23:52+00:00","dateModified":"2024-12-05T12:23:53+00:00","mainEntityOfPage":{"@id":"https:\/\/www.richardappelbom.se\/index.php\/2024\/12\/05\/bred-regering-tappar-mark-i-rumanien\/"},"wordCount":327,"commentCount":0,"image":{"@id":"https:\/\/www.richardappelbom.se\/index.php\/2024\/12\/05\/bred-regering-tappar-mark-i-rumanien\/#primaryimage"},"thumbnailUrl":"https:\/\/www.richardappelbom.se\/wp-content\/uploads\/2024\/12\/Bucharest_-_Palace_of_the_Parliament_2024_2.jpg","articleSection":["Allm\u00e4n Posts"],"inLanguage":"en-US","potentialAction":[{"@type":"CommentAction","name":"Comment","target":["https:\/\/www.richardappelbom.se\/index.php\/2024\/12\/05\/bred-regering-tappar-mark-i-rumanien\/#respond"]}]},{"@type":"WebPage","@id":"https:\/\/www.richardappelbom.se\/index.php\/2024\/12\/05\/bred-regering-tappar-mark-i-rumanien\/","url":"https:\/\/www.richardappelbom.se\/index.php\/2024\/12\/05\/bred-regering-tappar-mark-i-rumanien\/","name":"Bred regering tappar mark i Rum\u00e4nien - Richard Appelbom","isPartOf":{"@id":"https:\/\/www.richardappelbom.se\/#website"},"primaryImageOfPage":{"@id":"https:\/\/www.richardappelbom.se\/index.php\/2024\/12\/05\/bred-regering-tappar-mark-i-rumanien\/#primaryimage"},"image":{"@id":"https:\/\/www.richardappelbom.se\/index.php\/2024\/12\/05\/bred-regering-tappar-mark-i-rumanien\/#primaryimage"},"thumbnailUrl":"https:\/\/www.richardappelbom.se\/wp-content\/uploads\/2024\/12\/Bucharest_-_Palace_of_the_Parliament_2024_2.jpg","datePublished":"2024-12-05T12:23:52+00:00","dateModified":"2024-12-05T12:23:53+00:00","author":{"@id":"https:\/\/www.richardappelbom.se\/#\/schema\/person\/98f55ffd095155d902e585f10999a15d"},"description":"Inte lika dramatiska framg\u00e5ngar f\u00f6r ytterh\u00f6gern i parlamentsvalet som i presidentvalets f\u00f6rsta omg\u00e5ng","breadcrumb":{"@id":"https:\/\/www.richardappelbom.se\/index.php\/2024\/12\/05\/bred-regering-tappar-mark-i-rumanien\/#breadcrumb"},"inLanguage":"en-US","potentialAction":[{"@type":"ReadAction","target":["https:\/\/www.richardappelbom.se\/index.php\/2024\/12\/05\/bred-regering-tappar-mark-i-rumanien\/"]}]},{"@type":"ImageObject","inLanguage":"en-US","@id":"https:\/\/www.richardappelbom.se\/index.php\/2024\/12\/05\/bred-regering-tappar-mark-i-rumanien\/#primaryimage","url":"https:\/\/www.richardappelbom.se\/wp-content\/uploads\/2024\/12\/Bucharest_-_Palace_of_the_Parliament_2024_2.jpg","contentUrl":"https:\/\/www.richardappelbom.se\/wp-content\/uploads\/2024\/12\/Bucharest_-_Palace_of_the_Parliament_2024_2.jpg","width":1024,"height":614},{"@type":"BreadcrumbList","@id":"https:\/\/www.richardappelbom.se\/index.php\/2024\/12\/05\/bred-regering-tappar-mark-i-rumanien\/#breadcrumb","itemListElement":[{"@type":"ListItem","position":1,"name":"Home","item":"https:\/\/www.richardappelbom.se\/"},{"@type":"ListItem","position":2,"name":"Bred regering tappar mark i Rum\u00e4nien"}]},{"@type":"WebSite","@id":"https:\/\/www.richardappelbom.se\/#website","url":"https:\/\/www.richardappelbom.se\/","name":"Richard Appelbom","description":"En blogg om val och valsystem","potentialAction":[{"@type":"SearchAction","target":{"@type":"EntryPoint","urlTemplate":"https:\/\/www.richardappelbom.se\/?s={search_term_string}"},"query-input":{"@type":"PropertyValueSpecification","valueRequired":true,"valueName":"search_term_string"}}],"inLanguage":"en-US"},{"@type":"Person","@id":"https:\/\/www.richardappelbom.se\/#\/schema\/person\/98f55ffd095155d902e585f10999a15d","name":"admin","image":{"@type":"ImageObject","inLanguage":"en-US","@id":"https:\/\/secure.gravatar.com\/avatar\/480edd36f6cc3945e6b2db9fdc6f78df2a3fb98b7b27925b8d810863cfa537e7?s=96&d=mm&r=g","url":"https:\/\/secure.gravatar.com\/avatar\/480edd36f6cc3945e6b2db9fdc6f78df2a3fb98b7b27925b8d810863cfa537e7?s=96&d=mm&r=g","contentUrl":"https:\/\/secure.gravatar.com\/avatar\/480edd36f6cc3945e6b2db9fdc6f78df2a3fb98b7b27925b8d810863cfa537e7?s=96&d=mm&r=g","caption":"admin"},"sameAs":["https:\/\/www.facebook.com\/rappelbom","https:\/\/twitter.com\/RichardAppelbom"],"url":"https:\/\/www.richardappelbom.se\/index.php\/author\/ra_j9l6616t\/"}]}},"jetpack_featured_media_url":"","jetpack_sharing_enabled":true,"_links":{"self":[{"href":"https:\/\/www.richardappelbom.se\/index.php\/wp-json\/wp\/v2\/posts\/560","targetHints":{"allow":["GET"]}}],"collection":[{"href":"https:\/\/www.richardappelbom.se\/index.php\/wp-json\/wp\/v2\/posts"}],"about":[{"href":"https:\/\/www.richardappelbom.se\/index.php\/wp-json\/wp\/v2\/types\/post"}],"author":[{"embeddable":true,"href":"https:\/\/www.richardappelbom.se\/index.php\/wp-json\/wp\/v2\/users\/1"}],"replies":[{"embeddable":true,"href":"https:\/\/www.richardappelbom.se\/index.php\/wp-json\/wp\/v2\/comments?post=560"}],"version-history":[{"count":1,"href":"https:\/\/www.richardappelbom.se\/index.php\/wp-json\/wp\/v2\/posts\/560\/revisions"}],"predecessor-version":[{"id":562,"href":"https:\/\/www.richardappelbom.se\/index.php\/wp-json\/wp\/v2\/posts\/560\/revisions\/562"}],"wp:attachment":[{"href":"https:\/\/www.richardappelbom.se\/index.php\/wp-json\/wp\/v2\/media?parent=560"}],"wp:term":[{"taxonomy":"category","embeddable":true,"href":"https:\/\/www.richardappelbom.se\/index.php\/wp-json\/wp\/v2\/categories?post=560"},{"taxonomy":"post_tag","embeddable":true,"href":"https:\/\/www.richardappelbom.se\/index.php\/wp-json\/wp\/v2\/tags?post=560"}],"curies":[{"name":"wp","href":"https:\/\/api.w.org\/{rel}","templated":true}]}}