{"id":579,"date":"2025-03-30T16:00:26","date_gmt":"2025-03-30T16:00:26","guid":{"rendered":"https:\/\/www.richardappelbom.se\/?p=579"},"modified":"2025-03-30T21:10:06","modified_gmt":"2025-03-30T21:10:06","slug":"valsystemet-slog-hart-mot-liberalerna-i-ontario","status":"publish","type":"post","link":"https:\/\/www.richardappelbom.se\/index.php\/2025\/03\/30\/valsystemet-slog-hart-mot-liberalerna-i-ontario\/","title":{"rendered":"Valsystemet slog h\u00e5rt mot Liberalerna i Ontario"},"content":{"rendered":"\n<figure class=\"wp-block-image size-full is-resized\"><img loading=\"lazy\" decoding=\"async\" width=\"194\" height=\"259\" src=\"https:\/\/www.richardappelbom.se\/wp-content\/uploads\/2025\/03\/doug-ford-1.jpg\" alt=\"\" class=\"wp-image-581\" style=\"width:418px;height:auto\"\/><\/figure>\n\n\n\n<p>Ontarios konservative ledare Doug Ford vann provinsvalet med egen mandatmajoritet. Bild: Wikipedia<\/p>\n\n\n\n<p>Lite i skymundan med all dramatik med president Trumps \u00f6nskan att annektera Kanada och premi\u00e4rminister Trudeaus avg\u00e5ng var det nyval i Ontario. Provinsen Ontario \u00e4r Kanadas folkrikaste och med mycket export till USA.<\/p>\n\n\n\n<p>Den konservative f\u00f6rsteministern Doug Ford, som vunnit tv\u00e5 val i rad, passade p\u00e5 att att <a href=\"https:\/\/en.wikipedia.org\/wiki\/2025_Ontario_general_election\">utlysa nyval <\/a>och tr\u00e4da fram som en h\u00e5rd motst\u00e5ndare till president Trumps hot om handelshinder och v\u00e4rnare av Kanada. Det lyckades, Fords PCP (det n\u00e5got motstridiga namnet Progressive Conservative Party) fick en majoritet av mandaten f\u00f6r tredje g\u00e5ngen i rad. Valdeltagandet \u00f6kade n\u00e5got till 45 procent.<\/p>\n\n\n\n<p>F\u00f6r den nationella sammanh\u00e5llningen var det nog bra att en konservativ ledare, med en del populistiska drag, s\u00e5 tydligt tog st\u00e4llning mot Trumps tullar och angrepp p\u00e5 Kanada som nation.<\/p>\n\n\n\n<p>Liberalerna styr p\u00e5 federal niv\u00e5, men deras &#8220;provinskusiner&#8221; har tappat st\u00f6d i provins efter provins. I Ontario styrde Liberalerna fram till 2018, men fick i det valet bara 19,7 procent och 7 platser. D\u00e5 det kr\u00e4vs 12 platser f\u00f6r att bli en officiell partigrupp med vidh\u00e4ngande st\u00f6d och r\u00e4ttigheter var Liberalerna illa ute. I N\u00e4sta val &nbsp;2022 \u00f6kade partiet till 23,8 procent, men fick bara 8 mandat och fick inte heller d\u00e5 r\u00e4tt att bli en officiell partigrupp.<\/p>\n\n\n\n<p>Liberalerna har drabbats h\u00e5rt av<a href=\"https:\/\/newsinteractives.cbc.ca\/elections\/ontario\/2025\/results\/\"> valsystemet<\/a> med enpersonsvalkretsar. Det andra oppositionspartiet, milt socialdemokratiska NDP, fick 2018 33,5 procent och 40 mandat. Men 2022 fick NDP&nbsp;n\u00e5got f\u00e4rre r\u00f6ster \u00e4n Liberalerna med &nbsp;23,7 procent, men 28 mandat.<\/p>\n\n\n\n<p>I \u00e5rets val fick Liberalerna 29,9 procent och NDP 18,5 procent. Men Liberalerna fick 14 mandat och NDP 27 mandat! Valsystemet missgynnar partier med ganska mycket r\u00f6ster som \u00e4r j\u00e4mnt f\u00f6rdelade \u00f6ver valkretsarna. Hur h\u00e5rt det sl\u00e5r mot mindre och mellanstora partier varierar, men nog \u00e4r det extremt att en parti med drygt 10 procentenheter fler r\u00f6ster f\u00e5r bara drygt h\u00e4lften s\u00e5 m\u00e5nga mandat. Liberalerna f\u00e5r tr\u00f6sta sig med att i alla fall den h\u00e4r g\u00e5ngen klarade att bli en officiell partigrupp.<\/p>\n\n\n\n<p><\/p>\n\n\n\n<p><\/p>\n\n\n\n<p><\/p>\n","protected":false},"excerpt":{"rendered":"<p>Ontarios konservative ledare Doug Ford vann provinsvalet med egen mandatmajoritet. Bild: Wikipedia Lite i skymundan med all dramatik med president Trumps \u00f6nskan att annektera Kanada och premi\u00e4rminister Trudeaus avg\u00e5ng var det nyval i Ontario. Provinsen Ontario \u00e4r Kanadas folkrikaste och med mycket export till USA. Den konservative f\u00f6rsteministern Doug Ford, som vunnit tv\u00e5 val i [&hellip;]<\/p>\n","protected":false},"author":1,"featured_media":0,"comment_status":"open","ping_status":"closed","sticky":false,"template":"","format":"standard","meta":{"_jetpack_memberships_contains_paid_content":false,"footnotes":""},"categories":[10],"tags":[],"class_list":["post-579","post","type-post","status-publish","format-standard","hentry","category-allman-inlagg"],"yoast_head":"<!-- This site is optimized with the Yoast SEO plugin v27.2 - https:\/\/yoast.com\/product\/yoast-seo-wordpress\/ -->\n<title>Valsystemet slog h\u00e5rt mot Liberalerna i Ontario - Richard Appelbom<\/title>\n<meta name=\"description\" content=\"Konservativa PCP blev fick egen majoritet, men Liberalerna fick f\u00e4rre mandat \u00e4n NDP, trots mer \u00e4n 10 procentenheters fler r\u00f6ster\" \/>\n<meta name=\"robots\" content=\"index, follow, max-snippet:-1, max-image-preview:large, max-video-preview:-1\" \/>\n<link rel=\"canonical\" href=\"https:\/\/www.richardappelbom.se\/index.php\/2025\/03\/30\/valsystemet-slog-hart-mot-liberalerna-i-ontario\/\" \/>\n<meta property=\"og:locale\" content=\"en_US\" \/>\n<meta property=\"og:type\" content=\"article\" \/>\n<meta property=\"og:title\" content=\"Valsystemet slog h\u00e5rt mot Liberalerna i Ontario - Richard Appelbom\" \/>\n<meta property=\"og:description\" content=\"Konservativa PCP blev fick egen majoritet, men Liberalerna fick f\u00e4rre mandat \u00e4n NDP, trots mer \u00e4n 10 procentenheters fler r\u00f6ster\" \/>\n<meta property=\"og:url\" content=\"https:\/\/www.richardappelbom.se\/index.php\/2025\/03\/30\/valsystemet-slog-hart-mot-liberalerna-i-ontario\/\" \/>\n<meta property=\"og:site_name\" content=\"Richard Appelbom\" \/>\n<meta property=\"article:publisher\" content=\"https:\/\/www.facebook.com\/rappelbom\" \/>\n<meta property=\"article:author\" content=\"https:\/\/www.facebook.com\/rappelbom\" \/>\n<meta property=\"article:published_time\" content=\"2025-03-30T16:00:26+00:00\" \/>\n<meta property=\"article:modified_time\" content=\"2025-03-30T21:10:06+00:00\" \/>\n<meta property=\"og:image\" content=\"https:\/\/www.richardappelbom.se\/wp-content\/uploads\/2025\/03\/doug-ford-1.jpg\" \/>\n\t<meta property=\"og:image:width\" content=\"194\" \/>\n\t<meta property=\"og:image:height\" content=\"259\" \/>\n\t<meta property=\"og:image:type\" content=\"image\/jpeg\" \/>\n<meta name=\"author\" content=\"admin\" \/>\n<meta name=\"twitter:card\" content=\"summary_large_image\" \/>\n<meta name=\"twitter:creator\" content=\"@RichardAppelbom\" \/>\n<meta name=\"twitter:site\" content=\"@RichardAppelbom\" \/>\n<meta name=\"twitter:label1\" content=\"Written by\" \/>\n\t<meta name=\"twitter:data1\" content=\"admin\" \/>\n\t<meta name=\"twitter:label2\" content=\"Est. reading time\" \/>\n\t<meta name=\"twitter:data2\" content=\"2 minutes\" \/>\n<script type=\"application\/ld+json\" class=\"yoast-schema-graph\">{\"@context\":\"https:\/\/schema.org\",\"@graph\":[{\"@type\":\"Article\",\"@id\":\"https:\/\/www.richardappelbom.se\/index.php\/2025\/03\/30\/valsystemet-slog-hart-mot-liberalerna-i-ontario\/#article\",\"isPartOf\":{\"@id\":\"https:\/\/www.richardappelbom.se\/index.php\/2025\/03\/30\/valsystemet-slog-hart-mot-liberalerna-i-ontario\/\"},\"author\":{\"name\":\"admin\",\"@id\":\"https:\/\/www.richardappelbom.se\/#\/schema\/person\/98f55ffd095155d902e585f10999a15d\"},\"headline\":\"Valsystemet slog h\u00e5rt mot Liberalerna i Ontario\",\"datePublished\":\"2025-03-30T16:00:26+00:00\",\"dateModified\":\"2025-03-30T21:10:06+00:00\",\"mainEntityOfPage\":{\"@id\":\"https:\/\/www.richardappelbom.se\/index.php\/2025\/03\/30\/valsystemet-slog-hart-mot-liberalerna-i-ontario\/\"},\"wordCount\":363,\"commentCount\":0,\"image\":{\"@id\":\"https:\/\/www.richardappelbom.se\/index.php\/2025\/03\/30\/valsystemet-slog-hart-mot-liberalerna-i-ontario\/#primaryimage\"},\"thumbnailUrl\":\"https:\/\/www.richardappelbom.se\/wp-content\/uploads\/2025\/03\/doug-ford-1.jpg\",\"articleSection\":[\"Allm\u00e4n Posts\"],\"inLanguage\":\"en-US\",\"potentialAction\":[{\"@type\":\"CommentAction\",\"name\":\"Comment\",\"target\":[\"https:\/\/www.richardappelbom.se\/index.php\/2025\/03\/30\/valsystemet-slog-hart-mot-liberalerna-i-ontario\/#respond\"]}]},{\"@type\":\"WebPage\",\"@id\":\"https:\/\/www.richardappelbom.se\/index.php\/2025\/03\/30\/valsystemet-slog-hart-mot-liberalerna-i-ontario\/\",\"url\":\"https:\/\/www.richardappelbom.se\/index.php\/2025\/03\/30\/valsystemet-slog-hart-mot-liberalerna-i-ontario\/\",\"name\":\"Valsystemet slog h\u00e5rt mot Liberalerna i Ontario - Richard Appelbom\",\"isPartOf\":{\"@id\":\"https:\/\/www.richardappelbom.se\/#website\"},\"primaryImageOfPage\":{\"@id\":\"https:\/\/www.richardappelbom.se\/index.php\/2025\/03\/30\/valsystemet-slog-hart-mot-liberalerna-i-ontario\/#primaryimage\"},\"image\":{\"@id\":\"https:\/\/www.richardappelbom.se\/index.php\/2025\/03\/30\/valsystemet-slog-hart-mot-liberalerna-i-ontario\/#primaryimage\"},\"thumbnailUrl\":\"https:\/\/www.richardappelbom.se\/wp-content\/uploads\/2025\/03\/doug-ford-1.jpg\",\"datePublished\":\"2025-03-30T16:00:26+00:00\",\"dateModified\":\"2025-03-30T21:10:06+00:00\",\"author\":{\"@id\":\"https:\/\/www.richardappelbom.se\/#\/schema\/person\/98f55ffd095155d902e585f10999a15d\"},\"description\":\"Konservativa PCP blev fick egen majoritet, men Liberalerna fick f\u00e4rre mandat \u00e4n NDP, trots mer \u00e4n 10 procentenheters fler r\u00f6ster\",\"breadcrumb\":{\"@id\":\"https:\/\/www.richardappelbom.se\/index.php\/2025\/03\/30\/valsystemet-slog-hart-mot-liberalerna-i-ontario\/#breadcrumb\"},\"inLanguage\":\"en-US\",\"potentialAction\":[{\"@type\":\"ReadAction\",\"target\":[\"https:\/\/www.richardappelbom.se\/index.php\/2025\/03\/30\/valsystemet-slog-hart-mot-liberalerna-i-ontario\/\"]}]},{\"@type\":\"ImageObject\",\"inLanguage\":\"en-US\",\"@id\":\"https:\/\/www.richardappelbom.se\/index.php\/2025\/03\/30\/valsystemet-slog-hart-mot-liberalerna-i-ontario\/#primaryimage\",\"url\":\"https:\/\/www.richardappelbom.se\/wp-content\/uploads\/2025\/03\/doug-ford-1.jpg\",\"contentUrl\":\"https:\/\/www.richardappelbom.se\/wp-content\/uploads\/2025\/03\/doug-ford-1.jpg\",\"width\":194,\"height\":259},{\"@type\":\"BreadcrumbList\",\"@id\":\"https:\/\/www.richardappelbom.se\/index.php\/2025\/03\/30\/valsystemet-slog-hart-mot-liberalerna-i-ontario\/#breadcrumb\",\"itemListElement\":[{\"@type\":\"ListItem\",\"position\":1,\"name\":\"Home\",\"item\":\"https:\/\/www.richardappelbom.se\/\"},{\"@type\":\"ListItem\",\"position\":2,\"name\":\"Valsystemet slog h\u00e5rt mot Liberalerna i Ontario\"}]},{\"@type\":\"WebSite\",\"@id\":\"https:\/\/www.richardappelbom.se\/#website\",\"url\":\"https:\/\/www.richardappelbom.se\/\",\"name\":\"Richard Appelbom\",\"description\":\"En blogg om val och valsystem\",\"potentialAction\":[{\"@type\":\"SearchAction\",\"target\":{\"@type\":\"EntryPoint\",\"urlTemplate\":\"https:\/\/www.richardappelbom.se\/?s={search_term_string}\"},\"query-input\":{\"@type\":\"PropertyValueSpecification\",\"valueRequired\":true,\"valueName\":\"search_term_string\"}}],\"inLanguage\":\"en-US\"},{\"@type\":\"Person\",\"@id\":\"https:\/\/www.richardappelbom.se\/#\/schema\/person\/98f55ffd095155d902e585f10999a15d\",\"name\":\"admin\",\"image\":{\"@type\":\"ImageObject\",\"inLanguage\":\"en-US\",\"@id\":\"https:\/\/secure.gravatar.com\/avatar\/480edd36f6cc3945e6b2db9fdc6f78df2a3fb98b7b27925b8d810863cfa537e7?s=96&d=mm&r=g\",\"url\":\"https:\/\/secure.gravatar.com\/avatar\/480edd36f6cc3945e6b2db9fdc6f78df2a3fb98b7b27925b8d810863cfa537e7?s=96&d=mm&r=g\",\"contentUrl\":\"https:\/\/secure.gravatar.com\/avatar\/480edd36f6cc3945e6b2db9fdc6f78df2a3fb98b7b27925b8d810863cfa537e7?s=96&d=mm&r=g\",\"caption\":\"admin\"},\"sameAs\":[\"https:\/\/www.facebook.com\/rappelbom\",\"https:\/\/twitter.com\/RichardAppelbom\"],\"url\":\"https:\/\/www.richardappelbom.se\/index.php\/author\/ra_j9l6616t\/\"}]}<\/script>\n<!-- \/ Yoast SEO plugin. -->","yoast_head_json":{"title":"Valsystemet slog h\u00e5rt mot Liberalerna i Ontario - Richard Appelbom","description":"Konservativa PCP blev fick egen majoritet, men Liberalerna fick f\u00e4rre mandat \u00e4n NDP, trots mer \u00e4n 10 procentenheters fler r\u00f6ster","robots":{"index":"index","follow":"follow","max-snippet":"max-snippet:-1","max-image-preview":"max-image-preview:large","max-video-preview":"max-video-preview:-1"},"canonical":"https:\/\/www.richardappelbom.se\/index.php\/2025\/03\/30\/valsystemet-slog-hart-mot-liberalerna-i-ontario\/","og_locale":"en_US","og_type":"article","og_title":"Valsystemet slog h\u00e5rt mot Liberalerna i Ontario - Richard Appelbom","og_description":"Konservativa PCP blev fick egen majoritet, men Liberalerna fick f\u00e4rre mandat \u00e4n NDP, trots mer \u00e4n 10 procentenheters fler r\u00f6ster","og_url":"https:\/\/www.richardappelbom.se\/index.php\/2025\/03\/30\/valsystemet-slog-hart-mot-liberalerna-i-ontario\/","og_site_name":"Richard Appelbom","article_publisher":"https:\/\/www.facebook.com\/rappelbom","article_author":"https:\/\/www.facebook.com\/rappelbom","article_published_time":"2025-03-30T16:00:26+00:00","article_modified_time":"2025-03-30T21:10:06+00:00","og_image":[{"width":194,"height":259,"url":"https:\/\/www.richardappelbom.se\/wp-content\/uploads\/2025\/03\/doug-ford-1.jpg","type":"image\/jpeg"}],"author":"admin","twitter_card":"summary_large_image","twitter_creator":"@RichardAppelbom","twitter_site":"@RichardAppelbom","twitter_misc":{"Written by":"admin","Est. reading time":"2 minutes"},"schema":{"@context":"https:\/\/schema.org","@graph":[{"@type":"Article","@id":"https:\/\/www.richardappelbom.se\/index.php\/2025\/03\/30\/valsystemet-slog-hart-mot-liberalerna-i-ontario\/#article","isPartOf":{"@id":"https:\/\/www.richardappelbom.se\/index.php\/2025\/03\/30\/valsystemet-slog-hart-mot-liberalerna-i-ontario\/"},"author":{"name":"admin","@id":"https:\/\/www.richardappelbom.se\/#\/schema\/person\/98f55ffd095155d902e585f10999a15d"},"headline":"Valsystemet slog h\u00e5rt mot Liberalerna i Ontario","datePublished":"2025-03-30T16:00:26+00:00","dateModified":"2025-03-30T21:10:06+00:00","mainEntityOfPage":{"@id":"https:\/\/www.richardappelbom.se\/index.php\/2025\/03\/30\/valsystemet-slog-hart-mot-liberalerna-i-ontario\/"},"wordCount":363,"commentCount":0,"image":{"@id":"https:\/\/www.richardappelbom.se\/index.php\/2025\/03\/30\/valsystemet-slog-hart-mot-liberalerna-i-ontario\/#primaryimage"},"thumbnailUrl":"https:\/\/www.richardappelbom.se\/wp-content\/uploads\/2025\/03\/doug-ford-1.jpg","articleSection":["Allm\u00e4n Posts"],"inLanguage":"en-US","potentialAction":[{"@type":"CommentAction","name":"Comment","target":["https:\/\/www.richardappelbom.se\/index.php\/2025\/03\/30\/valsystemet-slog-hart-mot-liberalerna-i-ontario\/#respond"]}]},{"@type":"WebPage","@id":"https:\/\/www.richardappelbom.se\/index.php\/2025\/03\/30\/valsystemet-slog-hart-mot-liberalerna-i-ontario\/","url":"https:\/\/www.richardappelbom.se\/index.php\/2025\/03\/30\/valsystemet-slog-hart-mot-liberalerna-i-ontario\/","name":"Valsystemet slog h\u00e5rt mot Liberalerna i Ontario - Richard Appelbom","isPartOf":{"@id":"https:\/\/www.richardappelbom.se\/#website"},"primaryImageOfPage":{"@id":"https:\/\/www.richardappelbom.se\/index.php\/2025\/03\/30\/valsystemet-slog-hart-mot-liberalerna-i-ontario\/#primaryimage"},"image":{"@id":"https:\/\/www.richardappelbom.se\/index.php\/2025\/03\/30\/valsystemet-slog-hart-mot-liberalerna-i-ontario\/#primaryimage"},"thumbnailUrl":"https:\/\/www.richardappelbom.se\/wp-content\/uploads\/2025\/03\/doug-ford-1.jpg","datePublished":"2025-03-30T16:00:26+00:00","dateModified":"2025-03-30T21:10:06+00:00","author":{"@id":"https:\/\/www.richardappelbom.se\/#\/schema\/person\/98f55ffd095155d902e585f10999a15d"},"description":"Konservativa PCP blev fick egen majoritet, men Liberalerna fick f\u00e4rre mandat \u00e4n NDP, trots mer \u00e4n 10 procentenheters fler r\u00f6ster","breadcrumb":{"@id":"https:\/\/www.richardappelbom.se\/index.php\/2025\/03\/30\/valsystemet-slog-hart-mot-liberalerna-i-ontario\/#breadcrumb"},"inLanguage":"en-US","potentialAction":[{"@type":"ReadAction","target":["https:\/\/www.richardappelbom.se\/index.php\/2025\/03\/30\/valsystemet-slog-hart-mot-liberalerna-i-ontario\/"]}]},{"@type":"ImageObject","inLanguage":"en-US","@id":"https:\/\/www.richardappelbom.se\/index.php\/2025\/03\/30\/valsystemet-slog-hart-mot-liberalerna-i-ontario\/#primaryimage","url":"https:\/\/www.richardappelbom.se\/wp-content\/uploads\/2025\/03\/doug-ford-1.jpg","contentUrl":"https:\/\/www.richardappelbom.se\/wp-content\/uploads\/2025\/03\/doug-ford-1.jpg","width":194,"height":259},{"@type":"BreadcrumbList","@id":"https:\/\/www.richardappelbom.se\/index.php\/2025\/03\/30\/valsystemet-slog-hart-mot-liberalerna-i-ontario\/#breadcrumb","itemListElement":[{"@type":"ListItem","position":1,"name":"Home","item":"https:\/\/www.richardappelbom.se\/"},{"@type":"ListItem","position":2,"name":"Valsystemet slog h\u00e5rt mot Liberalerna i Ontario"}]},{"@type":"WebSite","@id":"https:\/\/www.richardappelbom.se\/#website","url":"https:\/\/www.richardappelbom.se\/","name":"Richard Appelbom","description":"En blogg om val och valsystem","potentialAction":[{"@type":"SearchAction","target":{"@type":"EntryPoint","urlTemplate":"https:\/\/www.richardappelbom.se\/?s={search_term_string}"},"query-input":{"@type":"PropertyValueSpecification","valueRequired":true,"valueName":"search_term_string"}}],"inLanguage":"en-US"},{"@type":"Person","@id":"https:\/\/www.richardappelbom.se\/#\/schema\/person\/98f55ffd095155d902e585f10999a15d","name":"admin","image":{"@type":"ImageObject","inLanguage":"en-US","@id":"https:\/\/secure.gravatar.com\/avatar\/480edd36f6cc3945e6b2db9fdc6f78df2a3fb98b7b27925b8d810863cfa537e7?s=96&d=mm&r=g","url":"https:\/\/secure.gravatar.com\/avatar\/480edd36f6cc3945e6b2db9fdc6f78df2a3fb98b7b27925b8d810863cfa537e7?s=96&d=mm&r=g","contentUrl":"https:\/\/secure.gravatar.com\/avatar\/480edd36f6cc3945e6b2db9fdc6f78df2a3fb98b7b27925b8d810863cfa537e7?s=96&d=mm&r=g","caption":"admin"},"sameAs":["https:\/\/www.facebook.com\/rappelbom","https:\/\/twitter.com\/RichardAppelbom"],"url":"https:\/\/www.richardappelbom.se\/index.php\/author\/ra_j9l6616t\/"}]}},"jetpack_featured_media_url":"","jetpack_sharing_enabled":true,"_links":{"self":[{"href":"https:\/\/www.richardappelbom.se\/index.php\/wp-json\/wp\/v2\/posts\/579","targetHints":{"allow":["GET"]}}],"collection":[{"href":"https:\/\/www.richardappelbom.se\/index.php\/wp-json\/wp\/v2\/posts"}],"about":[{"href":"https:\/\/www.richardappelbom.se\/index.php\/wp-json\/wp\/v2\/types\/post"}],"author":[{"embeddable":true,"href":"https:\/\/www.richardappelbom.se\/index.php\/wp-json\/wp\/v2\/users\/1"}],"replies":[{"embeddable":true,"href":"https:\/\/www.richardappelbom.se\/index.php\/wp-json\/wp\/v2\/comments?post=579"}],"version-history":[{"count":2,"href":"https:\/\/www.richardappelbom.se\/index.php\/wp-json\/wp\/v2\/posts\/579\/revisions"}],"predecessor-version":[{"id":584,"href":"https:\/\/www.richardappelbom.se\/index.php\/wp-json\/wp\/v2\/posts\/579\/revisions\/584"}],"wp:attachment":[{"href":"https:\/\/www.richardappelbom.se\/index.php\/wp-json\/wp\/v2\/media?parent=579"}],"wp:term":[{"taxonomy":"category","embeddable":true,"href":"https:\/\/www.richardappelbom.se\/index.php\/wp-json\/wp\/v2\/categories?post=579"},{"taxonomy":"post_tag","embeddable":true,"href":"https:\/\/www.richardappelbom.se\/index.php\/wp-json\/wp\/v2\/tags?post=579"}],"curies":[{"name":"wp","href":"https:\/\/api.w.org\/{rel}","templated":true}]}}