{"id":585,"date":"2025-04-15T10:04:31","date_gmt":"2025-04-15T10:04:31","guid":{"rendered":"https:\/\/www.richardappelbom.se\/?p=585"},"modified":"2025-04-15T10:04:33","modified_gmt":"2025-04-15T10:04:33","slug":"sannfinlandarna-blev-forlorare-i-lokalval-i-finland","status":"publish","type":"post","link":"https:\/\/www.richardappelbom.se\/index.php\/2025\/04\/15\/sannfinlandarna-blev-forlorare-i-lokalval-i-finland\/","title":{"rendered":"Sannfinl\u00e4ndarna blev f\u00f6rlorare i lokalval i Finland"},"content":{"rendered":"\n<figure class=\"wp-block-image size-full is-resized\"><img loading=\"lazy\" decoding=\"async\" width=\"183\" height=\"275\" src=\"https:\/\/www.richardappelbom.se\/wp-content\/uploads\/2025\/04\/antti-Lindtman.jpg\" alt=\"\" class=\"wp-image-586\" style=\"width:428px;height:auto\"\/><\/figure>\n\n\n\n<p>Socialdemokraterna SDP gick fram i lokalvalen i Finland. Partiledaren Antti Lindtman. <\/p>\n\n\n\n<p><\/p>\n\n\n\n<p>Finland hade \u201ddubbelval\u201d det vill s\u00e4ga samtidigt val till kommuner och v\u00e4lf\u00e4rdsomr\u00e5den (motsvarar ungef\u00e4r regioner i Sverige). L\u00e5ter inte s\u00e5 m\u00e4rkligt f\u00f6r svenskar, innan den gemensamma valdagen \u00e4ven f\u00f6r riksdagsval inf\u00f6rdes var det val till landsting och kommuner samma dag under l\u00e5ng tid. V\u00e4lf\u00e4rdsomr\u00e5dena \u00e4r nyinr\u00e4ttade, det var andra g\u00e5ngen v\u00e4ljarna kunde r\u00f6sta fram v\u00e4lf\u00e4rdsomr\u00e5despolitiker.<\/p>\n\n\n\n<p>Noterbart \u00e4r att medan fr\u00e5gan om att avskaffa regionerna i Sverige diskuteras har Finland inf\u00f6rt en mellanniv\u00e5 mellan kommun och stat. <a href=\"https:\/\/sv.wikipedia.org\/wiki\/V%C3%A4lf%C3%A4rdsomr%C3%A5de\">V\u00e4lf\u00e4rdsomr\u00e5dena<\/a> har inte bara likt i Sverige ansvar f\u00f6r sjukv\u00e5rd, utan ocks\u00e5 f\u00f6r sociala fr\u00e5gor och brandskydd.<\/p>\n\n\n\n<p><a href=\"https:\/\/www.kommunforbundet.fi\/livskraft-och-ekonomi\/kommunalekonomin-och-staten\">Kommunerna <\/a>beh\u00e5ller fr\u00e4mst ansvaret f\u00f6r barnomsorg, skola (inga krav p\u00e5 f\u00f6rstatligande i Finland), bost\u00e4der, klimatanpassning, fritid och kultur. Kommunerna har egen beskattningsr\u00e4tt, men inte v\u00e4lf\u00e4rdsomr\u00e5dena.<\/p>\n\n\n\n<p><a href=\"https:\/\/vaalit.yle.fi\/kv2025\/tulospalvelu\/sv\/\">Valets segrare<\/a> var Socialdemokraterna (SDP) och Centerpartiet. \u00c4ven V\u00e4nsterf\u00f6rbundet (motsvarar V) gick fram, De gr\u00f6na \u00f6kade i<strong> <\/strong><a href=\"https:\/\/vaalit.yle.fi\/av2025\/tulospalvelu\/sv\/\">v\u00e4lf\u00e4rdsvalet<\/a>, men inte i <a href=\"https:\/\/vaalit.yle.fi\/kv2025\/tulospalvelu\/sv\/\">kommunvalet. <\/a>Regeringspartierna Samlingspartiet (motsvarar M) Kristdemokraterna och Svenska folkpartiet h\u00f6ll i stort st\u00e4llningarna, medan h\u00f6gerpopulistiska Sannfinl\u00e4ndarna tappade stort. Svenska folkpartiet gick dock tillbaka<a href=\"https:\/\/vaalit.yle.fi\/kv2025\/tulospalvelu\/sv\/municipalities\/91\/\"> i Helsingfors,<\/a> en storstad d\u00e4r regeringssamarbetet med Sannfinl\u00e4ndarna har varit mer ifr\u00e5gasatt.<\/p>\n\n\n\n<p>Sannfinl\u00e4ndarnas partiledare Rikka Pourra \u00e4r finansminister och har d\u00e4rf\u00f6r kanske symboliserat regeringens \u00e5tstramningspolitik. Den har drabbat v\u00e5rd och omsorg, vilket v\u00e4lf\u00e4rdsomr\u00e5dena har ansvar f\u00f6r.<\/p>\n\n\n\n<p>Valresultatet \u00e5terspeglar hur det brukade vara i finl\u00e4ndsk politik, med tre ganska j\u00e4mnstora partier SDP, C och Samlingspartiet med 18-25 procent vardera. I senaste riksdagsvalet fick C bara 11,3 procent, medan Sannfinl\u00e4ndarna hade 20,1 procent. Vi f\u00e5r se hur det blir i n\u00e4sta riksdagsval, h\u00f6gerpopulister brukar klara sig s\u00e4mre i lokalval \u00e4n i riksdagsval.<\/p>\n\n\n\n<p>I Sverige har vi sedan 1970 gemensam valdag, men krav finns p\u00e5 att g\u00f6ra som i Finland och har region- och kommunval f\u00f6r sig och riksdagsval vid en annan tidpunkt. Det skulle inneb\u00e4ra val vartannat \u00e5r i st\u00e4llet f\u00f6r som nu vart fj\u00e4rde \u00e5r (ut\u00f6ver EU-valen vart femte \u00e5r).<\/p>\n\n\n\n<p>Huvudargumenten f\u00f6r gemensam valdag \u00e4r att valdeltagandet blir h\u00f6gre och att v\u00e4ljarna med skild valdag \u00e4nd\u00e5 i lokalval skulle r\u00f6sta \u201drikspolitiskt\u201d om hur regeringen sk\u00f6ter sig.<\/p>\n\n\n\n<p>Huvudargumentet f\u00f6r skilda valdagar brukar vara att lokala fr\u00e5gor f\u00e5r st\u00f6rre utrymme om det inte samtidigt \u00e4r riksdagsval.<\/p>\n\n\n\n<p>Det st\u00e4mmer att valdeltagandet \u00e4r l\u00e4gre i renodlade lokalval, i Finland var det 54,1 procent i kommunvalet och 51,7 procent i v\u00e4lf\u00e4rdsomr\u00e5desvalet. I senaste<a href=\"https:\/\/sv.wikipedia.org\/wiki\/Riksdagsvalet_i_Finland_2023\"> riksdagsvalet <\/a>var valdeltagandet 72 procent. I valen i Sverige 2022 var<a href=\"https:\/\/www.scb.se\/hitta-statistik\/sverige-i-siffror\/manniskorna-i-sverige\/valdeltagande-i-sverige\/\"> valdeltagandet <\/a>84 procent i riksdagsvalet och 80 procent i region- och kommunval.<\/p>\n\n\n\n<p>Skillnaden mellan kommun och v\u00e4lf\u00e4rdsomr\u00e5desval beror till del p\u00e5 att Helsingfors inte ing\u00e5r i n\u00e5got v\u00e4lf\u00e4rdsomr\u00e5de, och d\u00e4r var valdeltagandet i kommunvalet 60 procent. Det f\u00f6rklarar ocks\u00e5 delvis varf\u00f6r C, som \u00e4r mer av ett landsbygds- och sm\u00e5ortsparti, fick en h\u00f6gre r\u00f6standel i v\u00e4lf\u00e4rdsomr\u00e5desvalet \u00e4n i kommunvalet.<\/p>\n\n\n\n<p>Traditionellt har l\u00e5gt valdeltagande ansetts missgynna v\u00e4nsterpartier. Men v\u00e4ljardemografin har \u00e4ndrats. Nu r\u00f6star v\u00e4lutbildade v\u00e4letablerade v\u00e4ljare mer v\u00e4nster, medan missn\u00f6jda och l\u00e5gutbildade r\u00f6star mer h\u00f6ger(populistiskt). D\u00e4rf\u00f6r kan Sannfinl\u00e4ndarnas d\u00e5liga resultat nog delvis f\u00f6rklara med att deras v\u00e4ljare oftare avst\u00e5r fr\u00e5n att r\u00f6sta i lokalval eller p\u00e5 att partiet hade f\u00e4rre och s\u00e4mre lokala kandidater.<\/p>\n\n\n\n<p>Visst kan oppositionspartiernas framg\u00e5ngar ses som en protest mot regeringen, men valvinden bl\u00e5ste inte entydigt. Lokala fr\u00e5gor och lokala f\u00f6retr\u00e4dare spelade roll f\u00f6r resultaten.<\/p>\n\n\n\n<p>Ett annat viktigt argument, f\u00f6r mig avg\u00f6rande, f\u00f6r skilda valdagar \u00e4r att det oftare blir val d\u00e5. Det ger partierna b\u00e4ttre m\u00f6jligheter att n\u00e5 ut och v\u00e4rva medlemmar. Det politiska intresset \u00f6kar under val\u00e5r. En orsak till misstro och att hoten mot demokratin \u00f6kar \u00e4r att partierna har f\u00f6rlorat medlemmar och d\u00e4rmed folklig f\u00f6rankring. Val vart fj\u00e4rde \u00e5r \u00e4r f\u00f6r s\u00e4llan.<\/p>\n\n\n\n<p>I Sverige har, s\u00e4rskilt fr\u00e5n borgerligt h\u00e5ll, det finska valsystemet med obligatoriskt personval och d\u00e4r partierna inte f\u00e5r rangordna sina kandidater, setts som ett f\u00f6red\u00f6me. Det skulle \u00f6ka v\u00e4ljarinflytandet och minska partiernas makt \u00f6ver de f\u00f6rtreondevalda.<\/p>\n\n\n\n<p>Men nu <a href=\"https:\/\/yle.fi\/a\/7-10076205\">dyker kritik<\/a> mot systemet upp. En valforskare menar att valdeltagandet kan minska om v\u00e4ljarna m\u00e5ste r\u00f6sta p\u00e5 en av m\u00e4ngder av kandidater. En m\u00f6jlighet att, som i Sverige, bara r\u00f6sta p\u00e5 partiet borde inf\u00f6ras.<\/p>\n\n\n\n<p>Det \u00e4r noterbart att valdeltagandet \u00e4r l\u00e4gre i Finland \u00e4n i Sverige. H\u00e4r finns utrymme f\u00f6r att fundera vidare. Kanske kunde de finl\u00e4ndska partierna f\u00e5 r\u00e4tt att som en v\u00e4gledning till v\u00e4ljarna rangordna kandidaterna p\u00e5 valsedeln. V\u00e4ljarna kunde f\u00e5 r\u00f6sta enbart p\u00e5 partier, men det skulle bara vara personkryssen som avg\u00f6r vilka som blir invalda.<\/p>\n","protected":false},"excerpt":{"rendered":"<p>Socialdemokraterna SDP gick fram i lokalvalen i Finland. Partiledaren Antti Lindtman. Finland hade \u201ddubbelval\u201d det vill s\u00e4ga samtidigt val till kommuner och v\u00e4lf\u00e4rdsomr\u00e5den (motsvarar ungef\u00e4r regioner i Sverige). L\u00e5ter inte s\u00e5 m\u00e4rkligt f\u00f6r svenskar, innan den gemensamma valdagen \u00e4ven f\u00f6r riksdagsval inf\u00f6rdes var det val till landsting och kommuner samma dag under l\u00e5ng tid. V\u00e4lf\u00e4rdsomr\u00e5dena [&hellip;]<\/p>\n","protected":false},"author":1,"featured_media":0,"comment_status":"open","ping_status":"closed","sticky":false,"template":"","format":"standard","meta":{"_jetpack_memberships_contains_paid_content":false,"footnotes":""},"categories":[10],"tags":[],"class_list":["post-585","post","type-post","status-publish","format-standard","hentry","category-allman-inlagg"],"yoast_head":"<!-- This site is optimized with the Yoast SEO plugin v27.2 - https:\/\/yoast.com\/product\/yoast-seo-wordpress\/ -->\n<title>Sannfinl\u00e4ndarna blev f\u00f6rlorare i lokalval i Finland - Richard Appelbom<\/title>\n<meta name=\"description\" content=\"Regeringspartiet Sannfinl\u00e4ndarna var den stora f\u00f6rloraren i Lokalvalen i Finland. oppositionspartiet Socialdemokraterna gick fram mest.\" \/>\n<meta name=\"robots\" content=\"index, follow, max-snippet:-1, max-image-preview:large, max-video-preview:-1\" \/>\n<link rel=\"canonical\" href=\"https:\/\/www.richardappelbom.se\/index.php\/2025\/04\/15\/sannfinlandarna-blev-forlorare-i-lokalval-i-finland\/\" \/>\n<meta property=\"og:locale\" content=\"en_US\" \/>\n<meta property=\"og:type\" content=\"article\" \/>\n<meta property=\"og:title\" content=\"Sannfinl\u00e4ndarna blev f\u00f6rlorare i lokalval i Finland - Richard Appelbom\" \/>\n<meta property=\"og:description\" content=\"Regeringspartiet Sannfinl\u00e4ndarna var den stora f\u00f6rloraren i Lokalvalen i Finland. oppositionspartiet Socialdemokraterna gick fram mest.\" \/>\n<meta property=\"og:url\" content=\"https:\/\/www.richardappelbom.se\/index.php\/2025\/04\/15\/sannfinlandarna-blev-forlorare-i-lokalval-i-finland\/\" \/>\n<meta property=\"og:site_name\" content=\"Richard Appelbom\" \/>\n<meta property=\"article:publisher\" content=\"https:\/\/www.facebook.com\/rappelbom\" \/>\n<meta property=\"article:author\" content=\"https:\/\/www.facebook.com\/rappelbom\" \/>\n<meta property=\"article:published_time\" content=\"2025-04-15T10:04:31+00:00\" \/>\n<meta property=\"article:modified_time\" content=\"2025-04-15T10:04:33+00:00\" \/>\n<meta property=\"og:image\" content=\"https:\/\/www.richardappelbom.se\/wp-content\/uploads\/2025\/04\/antti-Lindtman.jpg\" \/>\n\t<meta property=\"og:image:width\" content=\"183\" \/>\n\t<meta property=\"og:image:height\" content=\"275\" \/>\n\t<meta property=\"og:image:type\" content=\"image\/jpeg\" \/>\n<meta name=\"author\" content=\"admin\" \/>\n<meta name=\"twitter:card\" content=\"summary_large_image\" \/>\n<meta name=\"twitter:creator\" content=\"@RichardAppelbom\" \/>\n<meta name=\"twitter:site\" content=\"@RichardAppelbom\" \/>\n<meta name=\"twitter:label1\" content=\"Written by\" \/>\n\t<meta name=\"twitter:data1\" content=\"admin\" \/>\n\t<meta name=\"twitter:label2\" content=\"Est. reading time\" \/>\n\t<meta name=\"twitter:data2\" content=\"4 minutes\" \/>\n<script type=\"application\/ld+json\" class=\"yoast-schema-graph\">{\"@context\":\"https:\/\/schema.org\",\"@graph\":[{\"@type\":\"Article\",\"@id\":\"https:\/\/www.richardappelbom.se\/index.php\/2025\/04\/15\/sannfinlandarna-blev-forlorare-i-lokalval-i-finland\/#article\",\"isPartOf\":{\"@id\":\"https:\/\/www.richardappelbom.se\/index.php\/2025\/04\/15\/sannfinlandarna-blev-forlorare-i-lokalval-i-finland\/\"},\"author\":{\"name\":\"admin\",\"@id\":\"https:\/\/www.richardappelbom.se\/#\/schema\/person\/98f55ffd095155d902e585f10999a15d\"},\"headline\":\"Sannfinl\u00e4ndarna blev f\u00f6rlorare i lokalval i Finland\",\"datePublished\":\"2025-04-15T10:04:31+00:00\",\"dateModified\":\"2025-04-15T10:04:33+00:00\",\"mainEntityOfPage\":{\"@id\":\"https:\/\/www.richardappelbom.se\/index.php\/2025\/04\/15\/sannfinlandarna-blev-forlorare-i-lokalval-i-finland\/\"},\"wordCount\":888,\"commentCount\":0,\"image\":{\"@id\":\"https:\/\/www.richardappelbom.se\/index.php\/2025\/04\/15\/sannfinlandarna-blev-forlorare-i-lokalval-i-finland\/#primaryimage\"},\"thumbnailUrl\":\"https:\/\/www.richardappelbom.se\/wp-content\/uploads\/2025\/04\/antti-Lindtman.jpg\",\"articleSection\":[\"Allm\u00e4n Posts\"],\"inLanguage\":\"en-US\",\"potentialAction\":[{\"@type\":\"CommentAction\",\"name\":\"Comment\",\"target\":[\"https:\/\/www.richardappelbom.se\/index.php\/2025\/04\/15\/sannfinlandarna-blev-forlorare-i-lokalval-i-finland\/#respond\"]}]},{\"@type\":\"WebPage\",\"@id\":\"https:\/\/www.richardappelbom.se\/index.php\/2025\/04\/15\/sannfinlandarna-blev-forlorare-i-lokalval-i-finland\/\",\"url\":\"https:\/\/www.richardappelbom.se\/index.php\/2025\/04\/15\/sannfinlandarna-blev-forlorare-i-lokalval-i-finland\/\",\"name\":\"Sannfinl\u00e4ndarna blev f\u00f6rlorare i lokalval i Finland - Richard Appelbom\",\"isPartOf\":{\"@id\":\"https:\/\/www.richardappelbom.se\/#website\"},\"primaryImageOfPage\":{\"@id\":\"https:\/\/www.richardappelbom.se\/index.php\/2025\/04\/15\/sannfinlandarna-blev-forlorare-i-lokalval-i-finland\/#primaryimage\"},\"image\":{\"@id\":\"https:\/\/www.richardappelbom.se\/index.php\/2025\/04\/15\/sannfinlandarna-blev-forlorare-i-lokalval-i-finland\/#primaryimage\"},\"thumbnailUrl\":\"https:\/\/www.richardappelbom.se\/wp-content\/uploads\/2025\/04\/antti-Lindtman.jpg\",\"datePublished\":\"2025-04-15T10:04:31+00:00\",\"dateModified\":\"2025-04-15T10:04:33+00:00\",\"author\":{\"@id\":\"https:\/\/www.richardappelbom.se\/#\/schema\/person\/98f55ffd095155d902e585f10999a15d\"},\"description\":\"Regeringspartiet Sannfinl\u00e4ndarna var den stora f\u00f6rloraren i Lokalvalen i Finland. oppositionspartiet Socialdemokraterna gick fram mest.\",\"breadcrumb\":{\"@id\":\"https:\/\/www.richardappelbom.se\/index.php\/2025\/04\/15\/sannfinlandarna-blev-forlorare-i-lokalval-i-finland\/#breadcrumb\"},\"inLanguage\":\"en-US\",\"potentialAction\":[{\"@type\":\"ReadAction\",\"target\":[\"https:\/\/www.richardappelbom.se\/index.php\/2025\/04\/15\/sannfinlandarna-blev-forlorare-i-lokalval-i-finland\/\"]}]},{\"@type\":\"ImageObject\",\"inLanguage\":\"en-US\",\"@id\":\"https:\/\/www.richardappelbom.se\/index.php\/2025\/04\/15\/sannfinlandarna-blev-forlorare-i-lokalval-i-finland\/#primaryimage\",\"url\":\"https:\/\/www.richardappelbom.se\/wp-content\/uploads\/2025\/04\/antti-Lindtman.jpg\",\"contentUrl\":\"https:\/\/www.richardappelbom.se\/wp-content\/uploads\/2025\/04\/antti-Lindtman.jpg\",\"width\":183,\"height\":275},{\"@type\":\"BreadcrumbList\",\"@id\":\"https:\/\/www.richardappelbom.se\/index.php\/2025\/04\/15\/sannfinlandarna-blev-forlorare-i-lokalval-i-finland\/#breadcrumb\",\"itemListElement\":[{\"@type\":\"ListItem\",\"position\":1,\"name\":\"Home\",\"item\":\"https:\/\/www.richardappelbom.se\/\"},{\"@type\":\"ListItem\",\"position\":2,\"name\":\"Sannfinl\u00e4ndarna blev f\u00f6rlorare i lokalval i Finland\"}]},{\"@type\":\"WebSite\",\"@id\":\"https:\/\/www.richardappelbom.se\/#website\",\"url\":\"https:\/\/www.richardappelbom.se\/\",\"name\":\"Richard Appelbom\",\"description\":\"En blogg om val och valsystem\",\"potentialAction\":[{\"@type\":\"SearchAction\",\"target\":{\"@type\":\"EntryPoint\",\"urlTemplate\":\"https:\/\/www.richardappelbom.se\/?s={search_term_string}\"},\"query-input\":{\"@type\":\"PropertyValueSpecification\",\"valueRequired\":true,\"valueName\":\"search_term_string\"}}],\"inLanguage\":\"en-US\"},{\"@type\":\"Person\",\"@id\":\"https:\/\/www.richardappelbom.se\/#\/schema\/person\/98f55ffd095155d902e585f10999a15d\",\"name\":\"admin\",\"image\":{\"@type\":\"ImageObject\",\"inLanguage\":\"en-US\",\"@id\":\"https:\/\/secure.gravatar.com\/avatar\/480edd36f6cc3945e6b2db9fdc6f78df2a3fb98b7b27925b8d810863cfa537e7?s=96&d=mm&r=g\",\"url\":\"https:\/\/secure.gravatar.com\/avatar\/480edd36f6cc3945e6b2db9fdc6f78df2a3fb98b7b27925b8d810863cfa537e7?s=96&d=mm&r=g\",\"contentUrl\":\"https:\/\/secure.gravatar.com\/avatar\/480edd36f6cc3945e6b2db9fdc6f78df2a3fb98b7b27925b8d810863cfa537e7?s=96&d=mm&r=g\",\"caption\":\"admin\"},\"sameAs\":[\"https:\/\/www.facebook.com\/rappelbom\",\"https:\/\/twitter.com\/RichardAppelbom\"],\"url\":\"https:\/\/www.richardappelbom.se\/index.php\/author\/ra_j9l6616t\/\"}]}<\/script>\n<!-- \/ Yoast SEO plugin. -->","yoast_head_json":{"title":"Sannfinl\u00e4ndarna blev f\u00f6rlorare i lokalval i Finland - Richard Appelbom","description":"Regeringspartiet Sannfinl\u00e4ndarna var den stora f\u00f6rloraren i Lokalvalen i Finland. oppositionspartiet Socialdemokraterna gick fram mest.","robots":{"index":"index","follow":"follow","max-snippet":"max-snippet:-1","max-image-preview":"max-image-preview:large","max-video-preview":"max-video-preview:-1"},"canonical":"https:\/\/www.richardappelbom.se\/index.php\/2025\/04\/15\/sannfinlandarna-blev-forlorare-i-lokalval-i-finland\/","og_locale":"en_US","og_type":"article","og_title":"Sannfinl\u00e4ndarna blev f\u00f6rlorare i lokalval i Finland - Richard Appelbom","og_description":"Regeringspartiet Sannfinl\u00e4ndarna var den stora f\u00f6rloraren i Lokalvalen i Finland. oppositionspartiet Socialdemokraterna gick fram mest.","og_url":"https:\/\/www.richardappelbom.se\/index.php\/2025\/04\/15\/sannfinlandarna-blev-forlorare-i-lokalval-i-finland\/","og_site_name":"Richard Appelbom","article_publisher":"https:\/\/www.facebook.com\/rappelbom","article_author":"https:\/\/www.facebook.com\/rappelbom","article_published_time":"2025-04-15T10:04:31+00:00","article_modified_time":"2025-04-15T10:04:33+00:00","og_image":[{"width":183,"height":275,"url":"https:\/\/www.richardappelbom.se\/wp-content\/uploads\/2025\/04\/antti-Lindtman.jpg","type":"image\/jpeg"}],"author":"admin","twitter_card":"summary_large_image","twitter_creator":"@RichardAppelbom","twitter_site":"@RichardAppelbom","twitter_misc":{"Written by":"admin","Est. reading time":"4 minutes"},"schema":{"@context":"https:\/\/schema.org","@graph":[{"@type":"Article","@id":"https:\/\/www.richardappelbom.se\/index.php\/2025\/04\/15\/sannfinlandarna-blev-forlorare-i-lokalval-i-finland\/#article","isPartOf":{"@id":"https:\/\/www.richardappelbom.se\/index.php\/2025\/04\/15\/sannfinlandarna-blev-forlorare-i-lokalval-i-finland\/"},"author":{"name":"admin","@id":"https:\/\/www.richardappelbom.se\/#\/schema\/person\/98f55ffd095155d902e585f10999a15d"},"headline":"Sannfinl\u00e4ndarna blev f\u00f6rlorare i lokalval i Finland","datePublished":"2025-04-15T10:04:31+00:00","dateModified":"2025-04-15T10:04:33+00:00","mainEntityOfPage":{"@id":"https:\/\/www.richardappelbom.se\/index.php\/2025\/04\/15\/sannfinlandarna-blev-forlorare-i-lokalval-i-finland\/"},"wordCount":888,"commentCount":0,"image":{"@id":"https:\/\/www.richardappelbom.se\/index.php\/2025\/04\/15\/sannfinlandarna-blev-forlorare-i-lokalval-i-finland\/#primaryimage"},"thumbnailUrl":"https:\/\/www.richardappelbom.se\/wp-content\/uploads\/2025\/04\/antti-Lindtman.jpg","articleSection":["Allm\u00e4n Posts"],"inLanguage":"en-US","potentialAction":[{"@type":"CommentAction","name":"Comment","target":["https:\/\/www.richardappelbom.se\/index.php\/2025\/04\/15\/sannfinlandarna-blev-forlorare-i-lokalval-i-finland\/#respond"]}]},{"@type":"WebPage","@id":"https:\/\/www.richardappelbom.se\/index.php\/2025\/04\/15\/sannfinlandarna-blev-forlorare-i-lokalval-i-finland\/","url":"https:\/\/www.richardappelbom.se\/index.php\/2025\/04\/15\/sannfinlandarna-blev-forlorare-i-lokalval-i-finland\/","name":"Sannfinl\u00e4ndarna blev f\u00f6rlorare i lokalval i Finland - Richard Appelbom","isPartOf":{"@id":"https:\/\/www.richardappelbom.se\/#website"},"primaryImageOfPage":{"@id":"https:\/\/www.richardappelbom.se\/index.php\/2025\/04\/15\/sannfinlandarna-blev-forlorare-i-lokalval-i-finland\/#primaryimage"},"image":{"@id":"https:\/\/www.richardappelbom.se\/index.php\/2025\/04\/15\/sannfinlandarna-blev-forlorare-i-lokalval-i-finland\/#primaryimage"},"thumbnailUrl":"https:\/\/www.richardappelbom.se\/wp-content\/uploads\/2025\/04\/antti-Lindtman.jpg","datePublished":"2025-04-15T10:04:31+00:00","dateModified":"2025-04-15T10:04:33+00:00","author":{"@id":"https:\/\/www.richardappelbom.se\/#\/schema\/person\/98f55ffd095155d902e585f10999a15d"},"description":"Regeringspartiet Sannfinl\u00e4ndarna var den stora f\u00f6rloraren i Lokalvalen i Finland. oppositionspartiet Socialdemokraterna gick fram mest.","breadcrumb":{"@id":"https:\/\/www.richardappelbom.se\/index.php\/2025\/04\/15\/sannfinlandarna-blev-forlorare-i-lokalval-i-finland\/#breadcrumb"},"inLanguage":"en-US","potentialAction":[{"@type":"ReadAction","target":["https:\/\/www.richardappelbom.se\/index.php\/2025\/04\/15\/sannfinlandarna-blev-forlorare-i-lokalval-i-finland\/"]}]},{"@type":"ImageObject","inLanguage":"en-US","@id":"https:\/\/www.richardappelbom.se\/index.php\/2025\/04\/15\/sannfinlandarna-blev-forlorare-i-lokalval-i-finland\/#primaryimage","url":"https:\/\/www.richardappelbom.se\/wp-content\/uploads\/2025\/04\/antti-Lindtman.jpg","contentUrl":"https:\/\/www.richardappelbom.se\/wp-content\/uploads\/2025\/04\/antti-Lindtman.jpg","width":183,"height":275},{"@type":"BreadcrumbList","@id":"https:\/\/www.richardappelbom.se\/index.php\/2025\/04\/15\/sannfinlandarna-blev-forlorare-i-lokalval-i-finland\/#breadcrumb","itemListElement":[{"@type":"ListItem","position":1,"name":"Home","item":"https:\/\/www.richardappelbom.se\/"},{"@type":"ListItem","position":2,"name":"Sannfinl\u00e4ndarna blev f\u00f6rlorare i lokalval i Finland"}]},{"@type":"WebSite","@id":"https:\/\/www.richardappelbom.se\/#website","url":"https:\/\/www.richardappelbom.se\/","name":"Richard Appelbom","description":"En blogg om val och valsystem","potentialAction":[{"@type":"SearchAction","target":{"@type":"EntryPoint","urlTemplate":"https:\/\/www.richardappelbom.se\/?s={search_term_string}"},"query-input":{"@type":"PropertyValueSpecification","valueRequired":true,"valueName":"search_term_string"}}],"inLanguage":"en-US"},{"@type":"Person","@id":"https:\/\/www.richardappelbom.se\/#\/schema\/person\/98f55ffd095155d902e585f10999a15d","name":"admin","image":{"@type":"ImageObject","inLanguage":"en-US","@id":"https:\/\/secure.gravatar.com\/avatar\/480edd36f6cc3945e6b2db9fdc6f78df2a3fb98b7b27925b8d810863cfa537e7?s=96&d=mm&r=g","url":"https:\/\/secure.gravatar.com\/avatar\/480edd36f6cc3945e6b2db9fdc6f78df2a3fb98b7b27925b8d810863cfa537e7?s=96&d=mm&r=g","contentUrl":"https:\/\/secure.gravatar.com\/avatar\/480edd36f6cc3945e6b2db9fdc6f78df2a3fb98b7b27925b8d810863cfa537e7?s=96&d=mm&r=g","caption":"admin"},"sameAs":["https:\/\/www.facebook.com\/rappelbom","https:\/\/twitter.com\/RichardAppelbom"],"url":"https:\/\/www.richardappelbom.se\/index.php\/author\/ra_j9l6616t\/"}]}},"jetpack_featured_media_url":"","jetpack_sharing_enabled":true,"_links":{"self":[{"href":"https:\/\/www.richardappelbom.se\/index.php\/wp-json\/wp\/v2\/posts\/585","targetHints":{"allow":["GET"]}}],"collection":[{"href":"https:\/\/www.richardappelbom.se\/index.php\/wp-json\/wp\/v2\/posts"}],"about":[{"href":"https:\/\/www.richardappelbom.se\/index.php\/wp-json\/wp\/v2\/types\/post"}],"author":[{"embeddable":true,"href":"https:\/\/www.richardappelbom.se\/index.php\/wp-json\/wp\/v2\/users\/1"}],"replies":[{"embeddable":true,"href":"https:\/\/www.richardappelbom.se\/index.php\/wp-json\/wp\/v2\/comments?post=585"}],"version-history":[{"count":2,"href":"https:\/\/www.richardappelbom.se\/index.php\/wp-json\/wp\/v2\/posts\/585\/revisions"}],"predecessor-version":[{"id":588,"href":"https:\/\/www.richardappelbom.se\/index.php\/wp-json\/wp\/v2\/posts\/585\/revisions\/588"}],"wp:attachment":[{"href":"https:\/\/www.richardappelbom.se\/index.php\/wp-json\/wp\/v2\/media?parent=585"}],"wp:term":[{"taxonomy":"category","embeddable":true,"href":"https:\/\/www.richardappelbom.se\/index.php\/wp-json\/wp\/v2\/categories?post=585"},{"taxonomy":"post_tag","embeddable":true,"href":"https:\/\/www.richardappelbom.se\/index.php\/wp-json\/wp\/v2\/tags?post=585"}],"curies":[{"name":"wp","href":"https:\/\/api.w.org\/{rel}","templated":true}]}}