{"id":627,"date":"2025-11-07T14:23:33","date_gmt":"2025-11-07T14:23:33","guid":{"rendered":"https:\/\/www.richardappelbom.se\/?p=627"},"modified":"2025-11-07T14:45:32","modified_gmt":"2025-11-07T14:45:32","slug":"flera-segrar-for-demokraterna-i-de-fataliga-valen-2025","status":"publish","type":"post","link":"https:\/\/www.richardappelbom.se\/index.php\/2025\/11\/07\/flera-segrar-for-demokraterna-i-de-fataliga-valen-2025\/","title":{"rendered":"Flera segrar f\u00f6r Demokraterna i (de f\u00e5taliga) valen 2025"},"content":{"rendered":"\n<figure class=\"wp-block-image size-large\"><img loading=\"lazy\" decoding=\"async\" width=\"1024\" height=\"576\" src=\"https:\/\/www.richardappelbom.se\/wp-content\/uploads\/2025\/11\/mamdani-1024x576.jpg\" alt=\"\" class=\"wp-image-628\" srcset=\"https:\/\/www.richardappelbom.se\/wp-content\/uploads\/2025\/11\/mamdani-1024x576.jpg 1024w, https:\/\/www.richardappelbom.se\/wp-content\/uploads\/2025\/11\/mamdani-300x169.jpg 300w, https:\/\/www.richardappelbom.se\/wp-content\/uploads\/2025\/11\/mamdani-768x432.jpg 768w, https:\/\/www.richardappelbom.se\/wp-content\/uploads\/2025\/11\/mamdani-1536x864.jpg 1536w, https:\/\/www.richardappelbom.se\/wp-content\/uploads\/2025\/11\/mamdani-2048x1152.jpg 2048w\" sizes=\"auto, (max-width: 1024px) 100vw, 1024px\" \/><\/figure>\n\n\n\n<p>New Yorks nyvalde borgm\u00e4stare har anledning att jubla. Foto:  Heute.at<\/p>\n\n\n\n<p>Mellan\u00e5rsval h\u00e5llas i USA mitt mellan presidentvals\u00e5ren. D\u00e5 \u00e4r det m\u00e4ngder av val. Hela representanthuset (orimligt kort mandatperiod med tv\u00e5 \u00e5r) en tredjedel av senaten (33-34 &nbsp;av 100 platser) och m\u00e5nga val i delstater.<\/p>\n\n\n\n<p>Tv\u00e5 delstater, New Jersey och Virginia, har dock lagt val \u00e5ret efter presidentvalet. S\u00e5 i \u00e5r valdes guvern\u00f6rer och delstatsrepresentanter i de tv\u00e5 delstaterna. M\u00e5nga st\u00e4der och andra enheter passar ocks\u00e5 p\u00e5 att ha val n\u00e4r det varken \u00e4r presidentval eller mellan\u00e5rsval. I \u00e5r fick borgm\u00e4starvalet i New York stor uppm\u00e4rksamhet, men det valdes borgm\u00e4stare och motsvarigheten (ungef\u00e4r) till kommunfullm\u00e4ktige p\u00e5 m\u00e5nga h\u00e5ll.<\/p>\n\n\n\n<p>Genom att det inte \u00e4r n\u00e5gra federala och f\u00e5 delstatsval \u00f6kar uppm\u00e4rksamheten p\u00e5 de som \u00e4ger rum. S\u00e4rskilt i dagens politiska klimat d\u00e4r president Trumps h\u00e5rdf\u00f6ra politik splittrar nationen.<\/p>\n\n\n\n<p>Valresultaten var entydiga. <a href=\"https:\/\/edition.cnn.com\/election\/2025\">Demokraterna vann<\/a> och Republikanerna f\u00f6rlorade. De vann <a href=\"https:\/\/whyy.org\/articles\/new-jersey-election-2025-results-governor-assembly\/\">guvern\u00f6rsvalen <\/a>och \u00f6kade sin majoritet i <a href=\"https:\/\/www.vpap.org\/electionresults\/20251104\/house\/\">delstatsf\u00f6rsamlingen<\/a> i b\u00e5de <a href=\"https:\/\/www.vpap.org\/electionresults\/20251104\/statewide\/\">Virginia<\/a> och <a href=\"https:\/\/en.wikipedia.org\/wiki\/2025_New_Jersey_General_Assembly_election\">New Jersey.<\/a> Zohran Mamdani, som kallar sig demokratisk socialist och har st\u00e4llt ut m\u00e5nga kostnadskr\u00e4vande reformer, vann klart <a href=\"https:\/\/www.svt.se\/nyheter\/utrikes\/vem-ar-zohran-mamdani\">borgm\u00e4starvalet i New York<\/a> mot b\u00e5de Donald Trump och etablissemanget i Demokraterna.<\/p>\n\n\n\n<p><a href=\"https:\/\/www.bbc.com\/news\/articles\/c1lqr30l246o\">I Kalifornien<\/a> r\u00f6stade en klar majoritet i en folkomr\u00f6stning f\u00f6r att delstaten skulle g\u00f6ra om valkretsarna till demokraternas f\u00f6rdel efter att Texas hade gjort om till Republikanernas f\u00f6rdel.<\/p>\n\n\n\n<p>Det \u00e4r vanligt att partiet som innehar presidentposten tappar i val under mandatperioden. President Trump f\u00f6rklarade f\u00f6rlusterna med att han sj\u00e4lv inte fanns p\u00e5 valsedeln. Valdeltagandet \u00e4r l\u00e4gre n\u00e4r det inte \u00e4r presidentval.<\/p>\n\n\n\n<p>I takt med att Republikanerna (likt andra h\u00f6gerpartier ) har f\u00e5tt fler v\u00e4ljare med l\u00e4gre utbildning, inkomst och misstro, medan v\u00e4nsterpartier f\u00e5r fler b\u00e4ttre bemedlade och mer utbildade v\u00e4ljare kan&nbsp; den traditionella \u00e5sikten att l\u00e5gt valdeltagande gynnar h\u00f6gern inte l\u00e4ngre st\u00e4mma.<\/p>\n\n\n\n<p>Trots de h\u00e4r reservationerna har Republikanerna anledning att vara bekymrade. Visst var valdeltagandet l\u00e4gre \u00e4n i presidentval, men det var ovanligt h\u00f6gt i s\u00e5v\u00e4l <a href=\"https:\/\/whyy.org\/articles\/2025-new-jersey-election-voter-turnout\/\">New Jersey,<\/a> <a href=\"https:\/\/cvillerightnow.com\/news\/208802-virginia-sees-highest-ever-voter-turnout-in-non-presidential-election-year\/\">Virginia<\/a> som<a href=\"https:\/\/www.thecity.nyc\/2025\/11\/04\/record-voters-ballots-cast-mamdani-cuomo-sliwa\/\"> New York. <\/a>(Liksom i Minneapolis<a href=\"https:\/\/www.minneapolismn.gov\/news\/2025\/november\/2025-turnout-record\/\"> borgm\u00e4starval, <\/a>Minnesota brukar ha h\u00f6gt valdeltagande). Enligt vallokalsunders\u00f6kningar \u00a0har Republikanerna tappat st\u00f6d i den viktiga v\u00e4ljargruppen med spansktalande r\u00f6tter (latinos).<\/p>\n\n\n\n<p>Polariseringen i USA kunde minska om fler <a href=\"https:\/\/fairvote.org\/our-reforms\/ranked-choice-voting\/\">anv\u00e4nde preferensr\u00f6stning<\/a>, d\u00e4r v\u00e4ljarna f\u00e5r rangordna kandidaterna. D\u00e5 beh\u00f6vde v\u00e4ljarna inte v\u00e4lja mellan att \u201dkasta bort sin r\u00f6st\u201d eller r\u00f6sta p\u00e5 den minst d\u00e5liga kandidaten.<\/p>\n\n\n\n<p>Om ingen kandidat f\u00e5r h\u00e4lften av r\u00f6sterna f\u00f6rdelas andrahandspreferenserna f\u00f6r kandidaterna med minst r\u00f6ster i stigande ordning till n\u00e5gon kommer upp i 50 procent.<\/p>\n\n\n\n<p>Det skulle ocks\u00e5 gynna mer mitteninriktade kandidater. S\u00e4rskilt Republikanerna, bek\u00e4mpar valsystemet. Men det \u00e4r knappast en slump att de tv\u00e5 delstater som till\u00e4mpar preferensr\u00f6stning i federala och delstatliga val, Maine och Alaska har de tv\u00e5 republikanska senatorer som oftast har v\u00e5gat g\u00e5 emot president Trump. <\/p>\n\n\n\n<p>Preferensr\u00f6stning anv\u00e4nds &nbsp;mest i lokala val, d\u00e4r kandidaterna inte har partibeteckning. I Minnesota till\u00e4mpades det i Minneapolis, St Paul, Bloomington och Lewis park. I &nbsp;Minneapolis tvillingstad St Paul vann Kaohly Her borgm\u00e4starposten trots att hon inte fick flest r\u00f6ster i f\u00f6rsta omg\u00e5ngen men gick om n\u00e4r preferensr\u00f6sterna f\u00f6rdelades. Det kan noteras att hon kommer att beh\u00f6va samarbeta med ett fullm\u00e4ktige som bara best\u00e5r av kvinnor.<\/p>\n\n\n\n<p>Ska Donald Trump stoppas beh\u00f6ver det fr\u00e4mst ske i USA. Vi i omv\u00e4rlden har begr\u00e4nsade m\u00f6jligheter att st\u00e5 emot v\u00e4rldens m\u00e4ktigaste \u201dmobbare\u201d. Det h\u00e4r valet tyder p\u00e5 att m\u00e5nga amerikaner \u00e4r beredda att r\u00f6sta f\u00f6r att visa sitt missn\u00f6je med president Trump och med hans politik. USA \u00e4r ett stort land, s\u00e5 det \u00e4r inte konstigt att kandidater har olika profil beroende p\u00e5 var de st\u00e4ller upp. I nationella val, s\u00e4rskilt presidentval, beh\u00f6vs dock mer av en samlad linje. D\u00e4r \u00e4r inte demokraterna i dag.<\/p>\n\n\n\n<p><\/p>\n","protected":false},"excerpt":{"rendered":"<p>New Yorks nyvalde borgm\u00e4stare har anledning att jubla. Foto: Heute.at Mellan\u00e5rsval h\u00e5llas i USA mitt mellan presidentvals\u00e5ren. D\u00e5 \u00e4r det m\u00e4ngder av val. Hela representanthuset (orimligt kort mandatperiod med tv\u00e5 \u00e5r) en tredjedel av senaten (33-34 &nbsp;av 100 platser) och m\u00e5nga val i delstater. Tv\u00e5 delstater, New Jersey och Virginia, har dock lagt val \u00e5ret [&hellip;]<\/p>\n","protected":false},"author":1,"featured_media":0,"comment_status":"open","ping_status":"closed","sticky":false,"template":"","format":"standard","meta":{"_jetpack_memberships_contains_paid_content":false,"footnotes":""},"categories":[10],"tags":[],"class_list":["post-627","post","type-post","status-publish","format-standard","hentry","category-allman-inlagg"],"yoast_head":"<!-- This site is optimized with the Yoast SEO plugin v27.2 - https:\/\/yoast.com\/product\/yoast-seo-wordpress\/ -->\n<title>Flera segrar f\u00f6r Demokraterna i (de f\u00e5taliga) valen 2025 - Richard Appelbom<\/title>\n<meta name=\"description\" content=\"Demokraterna vann alla val, \u00e4ven om de inte var s\u00e5 m\u00e5nga i november 2025. Valdeltagandet var ocks\u00e5 h\u00f6gre \u00e4n det brukar vara i den h\u00e4r typen av val.\" \/>\n<meta name=\"robots\" content=\"index, follow, max-snippet:-1, max-image-preview:large, max-video-preview:-1\" \/>\n<link rel=\"canonical\" href=\"https:\/\/www.richardappelbom.se\/index.php\/2025\/11\/07\/flera-segrar-for-demokraterna-i-de-fataliga-valen-2025\/\" \/>\n<meta property=\"og:locale\" content=\"en_US\" \/>\n<meta property=\"og:type\" content=\"article\" \/>\n<meta property=\"og:title\" content=\"Flera segrar f\u00f6r Demokraterna i (de f\u00e5taliga) valen 2025 - Richard Appelbom\" \/>\n<meta property=\"og:description\" content=\"Demokraterna vann alla val, \u00e4ven om de inte var s\u00e5 m\u00e5nga i november 2025. Valdeltagandet var ocks\u00e5 h\u00f6gre \u00e4n det brukar vara i den h\u00e4r typen av val.\" \/>\n<meta property=\"og:url\" content=\"https:\/\/www.richardappelbom.se\/index.php\/2025\/11\/07\/flera-segrar-for-demokraterna-i-de-fataliga-valen-2025\/\" \/>\n<meta property=\"og:site_name\" content=\"Richard Appelbom\" \/>\n<meta property=\"article:publisher\" content=\"https:\/\/www.facebook.com\/rappelbom\" \/>\n<meta property=\"article:author\" content=\"https:\/\/www.facebook.com\/rappelbom\" \/>\n<meta property=\"article:published_time\" content=\"2025-11-07T14:23:33+00:00\" \/>\n<meta property=\"article:modified_time\" content=\"2025-11-07T14:45:32+00:00\" \/>\n<meta property=\"og:image\" content=\"https:\/\/www.richardappelbom.se\/wp-content\/uploads\/2025\/11\/mamdani.jpg\" \/>\n\t<meta property=\"og:image:width\" content=\"2553\" \/>\n\t<meta property=\"og:image:height\" content=\"1436\" \/>\n\t<meta property=\"og:image:type\" content=\"image\/jpeg\" \/>\n<meta name=\"author\" content=\"admin\" \/>\n<meta name=\"twitter:card\" content=\"summary_large_image\" \/>\n<meta name=\"twitter:creator\" content=\"@RichardAppelbom\" \/>\n<meta name=\"twitter:site\" content=\"@RichardAppelbom\" \/>\n<meta name=\"twitter:label1\" content=\"Written by\" \/>\n\t<meta name=\"twitter:data1\" content=\"admin\" \/>\n\t<meta name=\"twitter:label2\" content=\"Est. reading time\" \/>\n\t<meta name=\"twitter:data2\" content=\"3 minutes\" \/>\n<script type=\"application\/ld+json\" class=\"yoast-schema-graph\">{\"@context\":\"https:\/\/schema.org\",\"@graph\":[{\"@type\":\"Article\",\"@id\":\"https:\/\/www.richardappelbom.se\/index.php\/2025\/11\/07\/flera-segrar-for-demokraterna-i-de-fataliga-valen-2025\/#article\",\"isPartOf\":{\"@id\":\"https:\/\/www.richardappelbom.se\/index.php\/2025\/11\/07\/flera-segrar-for-demokraterna-i-de-fataliga-valen-2025\/\"},\"author\":{\"name\":\"admin\",\"@id\":\"https:\/\/www.richardappelbom.se\/#\/schema\/person\/98f55ffd095155d902e585f10999a15d\"},\"headline\":\"Flera segrar f\u00f6r Demokraterna i (de f\u00e5taliga) valen 2025\",\"datePublished\":\"2025-11-07T14:23:33+00:00\",\"dateModified\":\"2025-11-07T14:45:32+00:00\",\"mainEntityOfPage\":{\"@id\":\"https:\/\/www.richardappelbom.se\/index.php\/2025\/11\/07\/flera-segrar-for-demokraterna-i-de-fataliga-valen-2025\/\"},\"wordCount\":725,\"commentCount\":0,\"image\":{\"@id\":\"https:\/\/www.richardappelbom.se\/index.php\/2025\/11\/07\/flera-segrar-for-demokraterna-i-de-fataliga-valen-2025\/#primaryimage\"},\"thumbnailUrl\":\"https:\/\/www.richardappelbom.se\/wp-content\/uploads\/2025\/11\/mamdani-1024x576.jpg\",\"articleSection\":[\"Allm\u00e4n Posts\"],\"inLanguage\":\"en-US\",\"potentialAction\":[{\"@type\":\"CommentAction\",\"name\":\"Comment\",\"target\":[\"https:\/\/www.richardappelbom.se\/index.php\/2025\/11\/07\/flera-segrar-for-demokraterna-i-de-fataliga-valen-2025\/#respond\"]}]},{\"@type\":\"WebPage\",\"@id\":\"https:\/\/www.richardappelbom.se\/index.php\/2025\/11\/07\/flera-segrar-for-demokraterna-i-de-fataliga-valen-2025\/\",\"url\":\"https:\/\/www.richardappelbom.se\/index.php\/2025\/11\/07\/flera-segrar-for-demokraterna-i-de-fataliga-valen-2025\/\",\"name\":\"Flera segrar f\u00f6r Demokraterna i (de f\u00e5taliga) valen 2025 - Richard Appelbom\",\"isPartOf\":{\"@id\":\"https:\/\/www.richardappelbom.se\/#website\"},\"primaryImageOfPage\":{\"@id\":\"https:\/\/www.richardappelbom.se\/index.php\/2025\/11\/07\/flera-segrar-for-demokraterna-i-de-fataliga-valen-2025\/#primaryimage\"},\"image\":{\"@id\":\"https:\/\/www.richardappelbom.se\/index.php\/2025\/11\/07\/flera-segrar-for-demokraterna-i-de-fataliga-valen-2025\/#primaryimage\"},\"thumbnailUrl\":\"https:\/\/www.richardappelbom.se\/wp-content\/uploads\/2025\/11\/mamdani-1024x576.jpg\",\"datePublished\":\"2025-11-07T14:23:33+00:00\",\"dateModified\":\"2025-11-07T14:45:32+00:00\",\"author\":{\"@id\":\"https:\/\/www.richardappelbom.se\/#\/schema\/person\/98f55ffd095155d902e585f10999a15d\"},\"description\":\"Demokraterna vann alla val, \u00e4ven om de inte var s\u00e5 m\u00e5nga i november 2025. Valdeltagandet var ocks\u00e5 h\u00f6gre \u00e4n det brukar vara i den h\u00e4r typen av val.\",\"breadcrumb\":{\"@id\":\"https:\/\/www.richardappelbom.se\/index.php\/2025\/11\/07\/flera-segrar-for-demokraterna-i-de-fataliga-valen-2025\/#breadcrumb\"},\"inLanguage\":\"en-US\",\"potentialAction\":[{\"@type\":\"ReadAction\",\"target\":[\"https:\/\/www.richardappelbom.se\/index.php\/2025\/11\/07\/flera-segrar-for-demokraterna-i-de-fataliga-valen-2025\/\"]}]},{\"@type\":\"ImageObject\",\"inLanguage\":\"en-US\",\"@id\":\"https:\/\/www.richardappelbom.se\/index.php\/2025\/11\/07\/flera-segrar-for-demokraterna-i-de-fataliga-valen-2025\/#primaryimage\",\"url\":\"https:\/\/www.richardappelbom.se\/wp-content\/uploads\/2025\/11\/mamdani.jpg\",\"contentUrl\":\"https:\/\/www.richardappelbom.se\/wp-content\/uploads\/2025\/11\/mamdani.jpg\",\"width\":2553,\"height\":1436},{\"@type\":\"BreadcrumbList\",\"@id\":\"https:\/\/www.richardappelbom.se\/index.php\/2025\/11\/07\/flera-segrar-for-demokraterna-i-de-fataliga-valen-2025\/#breadcrumb\",\"itemListElement\":[{\"@type\":\"ListItem\",\"position\":1,\"name\":\"Home\",\"item\":\"https:\/\/www.richardappelbom.se\/\"},{\"@type\":\"ListItem\",\"position\":2,\"name\":\"Flera segrar f\u00f6r Demokraterna i (de f\u00e5taliga) valen 2025\"}]},{\"@type\":\"WebSite\",\"@id\":\"https:\/\/www.richardappelbom.se\/#website\",\"url\":\"https:\/\/www.richardappelbom.se\/\",\"name\":\"Richard Appelbom\",\"description\":\"En blogg om val och valsystem\",\"potentialAction\":[{\"@type\":\"SearchAction\",\"target\":{\"@type\":\"EntryPoint\",\"urlTemplate\":\"https:\/\/www.richardappelbom.se\/?s={search_term_string}\"},\"query-input\":{\"@type\":\"PropertyValueSpecification\",\"valueRequired\":true,\"valueName\":\"search_term_string\"}}],\"inLanguage\":\"en-US\"},{\"@type\":\"Person\",\"@id\":\"https:\/\/www.richardappelbom.se\/#\/schema\/person\/98f55ffd095155d902e585f10999a15d\",\"name\":\"admin\",\"image\":{\"@type\":\"ImageObject\",\"inLanguage\":\"en-US\",\"@id\":\"https:\/\/secure.gravatar.com\/avatar\/480edd36f6cc3945e6b2db9fdc6f78df2a3fb98b7b27925b8d810863cfa537e7?s=96&d=mm&r=g\",\"url\":\"https:\/\/secure.gravatar.com\/avatar\/480edd36f6cc3945e6b2db9fdc6f78df2a3fb98b7b27925b8d810863cfa537e7?s=96&d=mm&r=g\",\"contentUrl\":\"https:\/\/secure.gravatar.com\/avatar\/480edd36f6cc3945e6b2db9fdc6f78df2a3fb98b7b27925b8d810863cfa537e7?s=96&d=mm&r=g\",\"caption\":\"admin\"},\"sameAs\":[\"https:\/\/www.facebook.com\/rappelbom\",\"https:\/\/twitter.com\/RichardAppelbom\"],\"url\":\"https:\/\/www.richardappelbom.se\/index.php\/author\/ra_j9l6616t\/\"}]}<\/script>\n<!-- \/ Yoast SEO plugin. -->","yoast_head_json":{"title":"Flera segrar f\u00f6r Demokraterna i (de f\u00e5taliga) valen 2025 - Richard Appelbom","description":"Demokraterna vann alla val, \u00e4ven om de inte var s\u00e5 m\u00e5nga i november 2025. Valdeltagandet var ocks\u00e5 h\u00f6gre \u00e4n det brukar vara i den h\u00e4r typen av val.","robots":{"index":"index","follow":"follow","max-snippet":"max-snippet:-1","max-image-preview":"max-image-preview:large","max-video-preview":"max-video-preview:-1"},"canonical":"https:\/\/www.richardappelbom.se\/index.php\/2025\/11\/07\/flera-segrar-for-demokraterna-i-de-fataliga-valen-2025\/","og_locale":"en_US","og_type":"article","og_title":"Flera segrar f\u00f6r Demokraterna i (de f\u00e5taliga) valen 2025 - Richard Appelbom","og_description":"Demokraterna vann alla val, \u00e4ven om de inte var s\u00e5 m\u00e5nga i november 2025. Valdeltagandet var ocks\u00e5 h\u00f6gre \u00e4n det brukar vara i den h\u00e4r typen av val.","og_url":"https:\/\/www.richardappelbom.se\/index.php\/2025\/11\/07\/flera-segrar-for-demokraterna-i-de-fataliga-valen-2025\/","og_site_name":"Richard Appelbom","article_publisher":"https:\/\/www.facebook.com\/rappelbom","article_author":"https:\/\/www.facebook.com\/rappelbom","article_published_time":"2025-11-07T14:23:33+00:00","article_modified_time":"2025-11-07T14:45:32+00:00","og_image":[{"width":2553,"height":1436,"url":"https:\/\/www.richardappelbom.se\/wp-content\/uploads\/2025\/11\/mamdani.jpg","type":"image\/jpeg"}],"author":"admin","twitter_card":"summary_large_image","twitter_creator":"@RichardAppelbom","twitter_site":"@RichardAppelbom","twitter_misc":{"Written by":"admin","Est. reading time":"3 minutes"},"schema":{"@context":"https:\/\/schema.org","@graph":[{"@type":"Article","@id":"https:\/\/www.richardappelbom.se\/index.php\/2025\/11\/07\/flera-segrar-for-demokraterna-i-de-fataliga-valen-2025\/#article","isPartOf":{"@id":"https:\/\/www.richardappelbom.se\/index.php\/2025\/11\/07\/flera-segrar-for-demokraterna-i-de-fataliga-valen-2025\/"},"author":{"name":"admin","@id":"https:\/\/www.richardappelbom.se\/#\/schema\/person\/98f55ffd095155d902e585f10999a15d"},"headline":"Flera segrar f\u00f6r Demokraterna i (de f\u00e5taliga) valen 2025","datePublished":"2025-11-07T14:23:33+00:00","dateModified":"2025-11-07T14:45:32+00:00","mainEntityOfPage":{"@id":"https:\/\/www.richardappelbom.se\/index.php\/2025\/11\/07\/flera-segrar-for-demokraterna-i-de-fataliga-valen-2025\/"},"wordCount":725,"commentCount":0,"image":{"@id":"https:\/\/www.richardappelbom.se\/index.php\/2025\/11\/07\/flera-segrar-for-demokraterna-i-de-fataliga-valen-2025\/#primaryimage"},"thumbnailUrl":"https:\/\/www.richardappelbom.se\/wp-content\/uploads\/2025\/11\/mamdani-1024x576.jpg","articleSection":["Allm\u00e4n Posts"],"inLanguage":"en-US","potentialAction":[{"@type":"CommentAction","name":"Comment","target":["https:\/\/www.richardappelbom.se\/index.php\/2025\/11\/07\/flera-segrar-for-demokraterna-i-de-fataliga-valen-2025\/#respond"]}]},{"@type":"WebPage","@id":"https:\/\/www.richardappelbom.se\/index.php\/2025\/11\/07\/flera-segrar-for-demokraterna-i-de-fataliga-valen-2025\/","url":"https:\/\/www.richardappelbom.se\/index.php\/2025\/11\/07\/flera-segrar-for-demokraterna-i-de-fataliga-valen-2025\/","name":"Flera segrar f\u00f6r Demokraterna i (de f\u00e5taliga) valen 2025 - Richard Appelbom","isPartOf":{"@id":"https:\/\/www.richardappelbom.se\/#website"},"primaryImageOfPage":{"@id":"https:\/\/www.richardappelbom.se\/index.php\/2025\/11\/07\/flera-segrar-for-demokraterna-i-de-fataliga-valen-2025\/#primaryimage"},"image":{"@id":"https:\/\/www.richardappelbom.se\/index.php\/2025\/11\/07\/flera-segrar-for-demokraterna-i-de-fataliga-valen-2025\/#primaryimage"},"thumbnailUrl":"https:\/\/www.richardappelbom.se\/wp-content\/uploads\/2025\/11\/mamdani-1024x576.jpg","datePublished":"2025-11-07T14:23:33+00:00","dateModified":"2025-11-07T14:45:32+00:00","author":{"@id":"https:\/\/www.richardappelbom.se\/#\/schema\/person\/98f55ffd095155d902e585f10999a15d"},"description":"Demokraterna vann alla val, \u00e4ven om de inte var s\u00e5 m\u00e5nga i november 2025. Valdeltagandet var ocks\u00e5 h\u00f6gre \u00e4n det brukar vara i den h\u00e4r typen av val.","breadcrumb":{"@id":"https:\/\/www.richardappelbom.se\/index.php\/2025\/11\/07\/flera-segrar-for-demokraterna-i-de-fataliga-valen-2025\/#breadcrumb"},"inLanguage":"en-US","potentialAction":[{"@type":"ReadAction","target":["https:\/\/www.richardappelbom.se\/index.php\/2025\/11\/07\/flera-segrar-for-demokraterna-i-de-fataliga-valen-2025\/"]}]},{"@type":"ImageObject","inLanguage":"en-US","@id":"https:\/\/www.richardappelbom.se\/index.php\/2025\/11\/07\/flera-segrar-for-demokraterna-i-de-fataliga-valen-2025\/#primaryimage","url":"https:\/\/www.richardappelbom.se\/wp-content\/uploads\/2025\/11\/mamdani.jpg","contentUrl":"https:\/\/www.richardappelbom.se\/wp-content\/uploads\/2025\/11\/mamdani.jpg","width":2553,"height":1436},{"@type":"BreadcrumbList","@id":"https:\/\/www.richardappelbom.se\/index.php\/2025\/11\/07\/flera-segrar-for-demokraterna-i-de-fataliga-valen-2025\/#breadcrumb","itemListElement":[{"@type":"ListItem","position":1,"name":"Home","item":"https:\/\/www.richardappelbom.se\/"},{"@type":"ListItem","position":2,"name":"Flera segrar f\u00f6r Demokraterna i (de f\u00e5taliga) valen 2025"}]},{"@type":"WebSite","@id":"https:\/\/www.richardappelbom.se\/#website","url":"https:\/\/www.richardappelbom.se\/","name":"Richard Appelbom","description":"En blogg om val och valsystem","potentialAction":[{"@type":"SearchAction","target":{"@type":"EntryPoint","urlTemplate":"https:\/\/www.richardappelbom.se\/?s={search_term_string}"},"query-input":{"@type":"PropertyValueSpecification","valueRequired":true,"valueName":"search_term_string"}}],"inLanguage":"en-US"},{"@type":"Person","@id":"https:\/\/www.richardappelbom.se\/#\/schema\/person\/98f55ffd095155d902e585f10999a15d","name":"admin","image":{"@type":"ImageObject","inLanguage":"en-US","@id":"https:\/\/secure.gravatar.com\/avatar\/480edd36f6cc3945e6b2db9fdc6f78df2a3fb98b7b27925b8d810863cfa537e7?s=96&d=mm&r=g","url":"https:\/\/secure.gravatar.com\/avatar\/480edd36f6cc3945e6b2db9fdc6f78df2a3fb98b7b27925b8d810863cfa537e7?s=96&d=mm&r=g","contentUrl":"https:\/\/secure.gravatar.com\/avatar\/480edd36f6cc3945e6b2db9fdc6f78df2a3fb98b7b27925b8d810863cfa537e7?s=96&d=mm&r=g","caption":"admin"},"sameAs":["https:\/\/www.facebook.com\/rappelbom","https:\/\/twitter.com\/RichardAppelbom"],"url":"https:\/\/www.richardappelbom.se\/index.php\/author\/ra_j9l6616t\/"}]}},"jetpack_featured_media_url":"","jetpack_sharing_enabled":true,"_links":{"self":[{"href":"https:\/\/www.richardappelbom.se\/index.php\/wp-json\/wp\/v2\/posts\/627","targetHints":{"allow":["GET"]}}],"collection":[{"href":"https:\/\/www.richardappelbom.se\/index.php\/wp-json\/wp\/v2\/posts"}],"about":[{"href":"https:\/\/www.richardappelbom.se\/index.php\/wp-json\/wp\/v2\/types\/post"}],"author":[{"embeddable":true,"href":"https:\/\/www.richardappelbom.se\/index.php\/wp-json\/wp\/v2\/users\/1"}],"replies":[{"embeddable":true,"href":"https:\/\/www.richardappelbom.se\/index.php\/wp-json\/wp\/v2\/comments?post=627"}],"version-history":[{"count":2,"href":"https:\/\/www.richardappelbom.se\/index.php\/wp-json\/wp\/v2\/posts\/627\/revisions"}],"predecessor-version":[{"id":630,"href":"https:\/\/www.richardappelbom.se\/index.php\/wp-json\/wp\/v2\/posts\/627\/revisions\/630"}],"wp:attachment":[{"href":"https:\/\/www.richardappelbom.se\/index.php\/wp-json\/wp\/v2\/media?parent=627"}],"wp:term":[{"taxonomy":"category","embeddable":true,"href":"https:\/\/www.richardappelbom.se\/index.php\/wp-json\/wp\/v2\/categories?post=627"},{"taxonomy":"post_tag","embeddable":true,"href":"https:\/\/www.richardappelbom.se\/index.php\/wp-json\/wp\/v2\/tags?post=627"}],"curies":[{"name":"wp","href":"https:\/\/api.w.org\/{rel}","templated":true}]}}