{"id":638,"date":"2026-03-11T10:50:53","date_gmt":"2026-03-11T10:50:53","guid":{"rendered":"https:\/\/www.richardappelbom.se\/?p=638"},"modified":"2026-03-11T10:56:56","modified_gmt":"2026-03-11T10:56:56","slug":"minskad-gron-rostandel-sags-som-en-framgang","status":"publish","type":"post","link":"https:\/\/www.richardappelbom.se\/index.php\/2026\/03\/11\/minskad-gron-rostandel-sags-som-en-framgang\/","title":{"rendered":"Minskad Gr\u00f6n r\u00f6standel s\u00e5gs som en framg\u00e5ng"},"content":{"rendered":"\n<figure class=\"wp-block-image size-full is-resized\"><img loading=\"lazy\" decoding=\"async\" width=\"100\" height=\"133\" src=\"https:\/\/www.richardappelbom.se\/wp-content\/uploads\/2026\/03\/Cem_Ozdemir_-minskad.jpg\" alt=\"\" class=\"wp-image-639\" style=\"width:277px;height:auto\"\/><\/figure>\n\n\n\n<p> De Gr\u00f6nas ledare i Baden W\u00fcrttemberg Zem \u00d6zdemir <\/p>\n\n\n\n<p>Tyskland har som federal stat \u00e5terkommande delstatsval. \u00c4ven om partiernas styrka varierar mellan delstaterna blir det \u00e4nd\u00e5 s\u00e5 att valen ocks\u00e5 ses som en en v\u00e4rdem\u00e4tare f\u00f6r den federala politiken. S\u00e5 \u00e4ven med valet i Baden W\u00fcrttemberg den 8 mars 2026<\/p>\n\n\n\n<p>Baden W\u00fcrttemberg har med 10 miljoner inv\u00e5nare ungef\u00e4r lika stor befolkning som Sverige med mycket bilindustri. De senaste valen har g\u00e5tt mycket bra f\u00f6r De Gr\u00f6na, med en popul\u00e4r ledare och en mer mitteninriktad konservativ framtoning \u00e4n i rikspolitiken. De har den senaste mandatperioden varit st\u00f6rsta parti och styrt tillsammans med kristdemokratiska CDU.<\/p>\n\n\n\n<p>De Gr\u00f6na <a href=\"https:\/\/en.wikipedia.org\/wiki\/2026_Baden-W%C3%BCrttemberg_state_election\">beh\u00f6ll st\u00e4llningen <\/a>som st\u00f6rsta parti, vilket gjorde att valet beskrevs  som <a href=\"https:\/\/www.dn.se\/varlden\/grona-segrade-i-tyskt-delstatsval-men-ocksa-hogerradikala-afd-gar-framat\/\">en framg\u00e5ng <\/a>i <a href=\"https:\/\/omni.se\/de-grona-blir-storsta-parti-nar-tyskt-supervalar-inleds\/a\/L4Mpoq\">media<\/a><\/p>\n\n\n\n<p>De gr\u00f6na gick dock n\u00e5got tillbaka  (2,4 procentenheter) j\u00e4mf\u00f6rt med f\u00f6rra delstatsvalet, medan CDU \u00f6kade med 5,6 procentenheter. Men d\u00e5 de flesta trodde att De gr\u00f6na skulle tappa mer n\u00e4r den popul\u00e4re ledaren Winfried Kretschmann hade avg\u00e5tt s\u00e5gs valet som en  framg\u00e5ng f\u00f6r den nye partiledaren Zem \u00d6zdemir, som blir den f\u00f6rste ministerpresidenten (ledande minister i delstater) med turkisk bakgrund. H\u00f6gerradikala AfD \u00f6kade kraftigt fr\u00e5n 9,7 till 18,8 procent av r\u00f6sterna. Desto s\u00e4mre gick det f\u00f6r \u00f6vriga partier, socialdemokratiska SPD klarade med knapp n\u00f6d sp\u00e4rrgr\u00e4nsen p\u00e5 fem procent, liberala FDP och v\u00e4nsterpartiet die Linke hamnade b\u00e5da just under sp\u00e4rren. Drygt 15 procent, n\u00e4stan var sj\u00e4tte v\u00e4ljare, r\u00f6stade p\u00e5 partier som inte klarade sp\u00e4rren.<\/p>\n\n\n\n<p>Tyskland har i stort stort samma valsystem och regler f\u00f6r regeringsbildning i delstaterna som p\u00e5 federal niv\u00e5. Ett best\u00e4mt antal enpersonsvalkretsar och gener\u00f6st med utj\u00e4mningsmandat f\u00f6r att f\u00e5 en proportionell f\u00f6rdelning f\u00f6r alla partier som klarar femprocentssp\u00e4rren. Partierna f\u00f6rv\u00e4ntas bilda majoriteteregeringar, vilket g\u00f6r att det \u00e4r mycket mindre blockpolitik i Tyskland, i synnerhet som hittills inget annat parti n\u00e5gonstans har velat samarbeta med AfD. CDU och AfD har tillsammans egen majoritet i Baden W\u00fcrttemberg, men regeringssamarbete \u00e4r uteslutet. D\u00e5 \u00e4r enda t\u00e4nkbara majoritet att det nuvarande samarbetet mellan De Gr\u00f6na och CDU forts\u00e4tter.<\/p>\n\n\n\n<p>En skillnad mellan Sverige och Tyskland, troligen beroende p\u00e5 att blockpolitik och regeringsalternativ \u00e4r mindre framtr\u00e4dande i tyska valr\u00f6relser, \u00e4r att taktikr\u00f6stande f\u00f6r att r\u00e4dda kvar partier f\u00f6rekommer i liten utstr\u00e4ckning. I f\u00f6rra federala valet var b\u00e5de FDP och v\u00e4nsterpopulistiska LSW just under femprocentssp\u00e4rren, liksom FDP och die Linke i Baden W\u00fcrttemberg. <\/p>\n\n\n\n<p>I st\u00e4llet verkar det f\u00f6rekomma taktikr\u00f6stande<a href=\"https:\/\/www.tagesschau.de\/wahl\/archiv\/2026-03-08-LT-DE-BW\/umfrage-fdp.shtml\"> p\u00e5 stora partier<\/a> f\u00f6r att lyfta fram deras toppkandidat som regeringschef. I Baden W\u00fcrttemberg gick De gr\u00f6na fram  enligt <a href=\"https:\/\/www.wahlrecht.de\/umfragen\/landtage\/baden-wuerttemberg.htm\">opinionsm\u00e4tningar<\/a> m\u00e5naderna f\u00f6re valet, medan CDU h\u00f6ll st\u00e4llningarna. SPD, die Linke och FDP gick tillbaka, de tv\u00e5 senare s\u00e5 mycket att de inte klarade sp\u00e4rrgr\u00e4nsen. Detta inneb\u00e4r i praktiken att valet f\u00e5r inslag av &#8220;presidentval&#8221;. SPD- och die Linkev\u00e4ljare r\u00f6stade p\u00e5 de Gr\u00f6na f\u00f6r att de skulle beh\u00e5lla f\u00f6rstaplatsen och d\u00e4rmed f\u00e5 utse ministerpresident. Resultatet blev att de sm\u00e5 partierna inte fick n\u00e5gon representation alls, en motsatt effekt gentemot st\u00f6dr\u00f6standet i Sverige.<\/p>\n\n\n\n<p>AFDs 18,8 procent motsvarar ganska v\u00e4l vad h\u00f6gerpopulistiska partier numera f\u00e5r i andra demokratier i V\u00e4steuropa. Tidigare har AfD fr\u00e4mst varit starka i forna \u00d6sttyskland. Skillnaden finns kvar, men AfD g\u00e5r fram\u00e5t ocks\u00e5 i v\u00e4stra Tyskland.<\/p>\n\n\n\n<p>Noterbart \u00e4r ocks\u00e5 De gr\u00f6nas skiftade placering i politiken. I Tyskland, och i synnerhet i Baden W\u00fcrttemberg \u00e4r de Gr\u00f6na mer av ett mittenparti, medan de i Storbritannien tydligt angriper Labourregeringen fr\u00e5n v\u00e4nster. Liberala partier har det besv\u00e4rligt, b\u00e5de i Tyskland och Sverige.<\/p>\n\n\n\n<p> Tyska socialdemokraternas katastrofval kan skapa sp\u00e4nningar i regeringssamarbetet med CDU p\u00e5 federal niv\u00e5. Nationella <a href=\"https:\/\/www.tagesschau.de\/wahl\/archiv\/2026-03-08-LT-DE-BW\/umfrage-fdp.shtml\">opinionsm\u00e4tningar <\/a>visar dock \u00e4nnu inga stora skillnader j\u00e4mf\u00f6rt med senaste f\u00f6rbundsdagsvalet. CDU har tappat, AfD och die Linke \u00f6kat, men i \u00f6vrigt \u00e4r det ganska sm\u00e5 skillnader. Men SPD beh\u00f6ver klara sig b\u00e4ttre i framtida delstatsval. Annars l\u00e4r oron sprida sig i partiet, efter m\u00e5nga \u00e5r som regeringsparti kan partiet framst\u00e5 som &#8220;s\u00f6nderregerat&#8221;.<\/p>\n\n\n\n<p><\/p>\n","protected":false},"excerpt":{"rendered":"<p>De Gr\u00f6nas ledare i Baden W\u00fcrttemberg Zem \u00d6zdemir Tyskland har som federal stat \u00e5terkommande delstatsval. \u00c4ven om partiernas styrka varierar mellan delstaterna blir det \u00e4nd\u00e5 s\u00e5 att valen ocks\u00e5 ses som en en v\u00e4rdem\u00e4tare f\u00f6r den federala politiken. S\u00e5 \u00e4ven med valet i Baden W\u00fcrttemberg den 8 mars 2026 Baden W\u00fcrttemberg har med 10 miljoner [&hellip;]<\/p>\n","protected":false},"author":1,"featured_media":0,"comment_status":"open","ping_status":"closed","sticky":false,"template":"","format":"standard","meta":{"_jetpack_memberships_contains_paid_content":false,"footnotes":""},"categories":[10],"tags":[],"class_list":["post-638","post","type-post","status-publish","format-standard","hentry","category-allman-inlagg"],"yoast_head":"<!-- This site is optimized with the Yoast SEO plugin v27.2 - https:\/\/yoast.com\/product\/yoast-seo-wordpress\/ -->\n<title>Minskad Gr\u00f6n r\u00f6standel s\u00e5gs som en framg\u00e5ng - Richard Appelbom<\/title>\n<meta name=\"description\" content=\"Trots tillbakag\u00e5ng beh\u00f6ll De Gr\u00f6na platsen som st\u00f6rsta parti i Baden W\u00fcrttemberg. St\u00f6dr\u00f6stande i Tyskland handlar mer om &quot;presidentval&quot; \u00e4n om att r\u00e4dda partier \u00f6ver sp\u00e4rren.\" \/>\n<meta name=\"robots\" content=\"index, follow, max-snippet:-1, max-image-preview:large, max-video-preview:-1\" \/>\n<link rel=\"canonical\" href=\"https:\/\/www.richardappelbom.se\/index.php\/2026\/03\/11\/minskad-gron-rostandel-sags-som-en-framgang\/\" \/>\n<meta property=\"og:locale\" content=\"en_US\" \/>\n<meta property=\"og:type\" content=\"article\" \/>\n<meta property=\"og:title\" content=\"Minskad Gr\u00f6n r\u00f6standel s\u00e5gs som en framg\u00e5ng - Richard Appelbom\" \/>\n<meta property=\"og:description\" content=\"Trots tillbakag\u00e5ng beh\u00f6ll De Gr\u00f6na platsen som st\u00f6rsta parti i Baden W\u00fcrttemberg. St\u00f6dr\u00f6stande i Tyskland handlar mer om &quot;presidentval&quot; \u00e4n om att r\u00e4dda partier \u00f6ver sp\u00e4rren.\" \/>\n<meta property=\"og:url\" content=\"https:\/\/www.richardappelbom.se\/index.php\/2026\/03\/11\/minskad-gron-rostandel-sags-som-en-framgang\/\" \/>\n<meta property=\"og:site_name\" content=\"Richard Appelbom\" \/>\n<meta property=\"article:publisher\" content=\"https:\/\/www.facebook.com\/rappelbom\" \/>\n<meta property=\"article:author\" content=\"https:\/\/www.facebook.com\/rappelbom\" \/>\n<meta property=\"article:published_time\" content=\"2026-03-11T10:50:53+00:00\" \/>\n<meta property=\"article:modified_time\" content=\"2026-03-11T10:56:56+00:00\" \/>\n<meta property=\"og:image\" content=\"https:\/\/www.richardappelbom.se\/wp-content\/uploads\/2026\/03\/Cem_Ozdemir_-minskad.jpg\" \/>\n\t<meta property=\"og:image:width\" content=\"100\" \/>\n\t<meta property=\"og:image:height\" content=\"133\" \/>\n\t<meta property=\"og:image:type\" content=\"image\/jpeg\" \/>\n<meta name=\"author\" content=\"admin\" \/>\n<meta name=\"twitter:card\" content=\"summary_large_image\" \/>\n<meta name=\"twitter:creator\" content=\"@RichardAppelbom\" \/>\n<meta name=\"twitter:site\" content=\"@RichardAppelbom\" \/>\n<meta name=\"twitter:label1\" content=\"Written by\" \/>\n\t<meta name=\"twitter:data1\" content=\"admin\" \/>\n\t<meta name=\"twitter:label2\" content=\"Est. reading time\" \/>\n\t<meta name=\"twitter:data2\" content=\"3 minutes\" \/>\n<script type=\"application\/ld+json\" class=\"yoast-schema-graph\">{\"@context\":\"https:\/\/schema.org\",\"@graph\":[{\"@type\":\"Article\",\"@id\":\"https:\/\/www.richardappelbom.se\/index.php\/2026\/03\/11\/minskad-gron-rostandel-sags-som-en-framgang\/#article\",\"isPartOf\":{\"@id\":\"https:\/\/www.richardappelbom.se\/index.php\/2026\/03\/11\/minskad-gron-rostandel-sags-som-en-framgang\/\"},\"author\":{\"name\":\"admin\",\"@id\":\"https:\/\/www.richardappelbom.se\/#\/schema\/person\/98f55ffd095155d902e585f10999a15d\"},\"headline\":\"Minskad Gr\u00f6n r\u00f6standel s\u00e5gs som en framg\u00e5ng\",\"datePublished\":\"2026-03-11T10:50:53+00:00\",\"dateModified\":\"2026-03-11T10:56:56+00:00\",\"mainEntityOfPage\":{\"@id\":\"https:\/\/www.richardappelbom.se\/index.php\/2026\/03\/11\/minskad-gron-rostandel-sags-som-en-framgang\/\"},\"wordCount\":748,\"commentCount\":0,\"image\":{\"@id\":\"https:\/\/www.richardappelbom.se\/index.php\/2026\/03\/11\/minskad-gron-rostandel-sags-som-en-framgang\/#primaryimage\"},\"thumbnailUrl\":\"https:\/\/www.richardappelbom.se\/wp-content\/uploads\/2026\/03\/Cem_Ozdemir_-minskad.jpg\",\"articleSection\":[\"Allm\u00e4n Posts\"],\"inLanguage\":\"en-US\",\"potentialAction\":[{\"@type\":\"CommentAction\",\"name\":\"Comment\",\"target\":[\"https:\/\/www.richardappelbom.se\/index.php\/2026\/03\/11\/minskad-gron-rostandel-sags-som-en-framgang\/#respond\"]}]},{\"@type\":\"WebPage\",\"@id\":\"https:\/\/www.richardappelbom.se\/index.php\/2026\/03\/11\/minskad-gron-rostandel-sags-som-en-framgang\/\",\"url\":\"https:\/\/www.richardappelbom.se\/index.php\/2026\/03\/11\/minskad-gron-rostandel-sags-som-en-framgang\/\",\"name\":\"Minskad Gr\u00f6n r\u00f6standel s\u00e5gs som en framg\u00e5ng - Richard Appelbom\",\"isPartOf\":{\"@id\":\"https:\/\/www.richardappelbom.se\/#website\"},\"primaryImageOfPage\":{\"@id\":\"https:\/\/www.richardappelbom.se\/index.php\/2026\/03\/11\/minskad-gron-rostandel-sags-som-en-framgang\/#primaryimage\"},\"image\":{\"@id\":\"https:\/\/www.richardappelbom.se\/index.php\/2026\/03\/11\/minskad-gron-rostandel-sags-som-en-framgang\/#primaryimage\"},\"thumbnailUrl\":\"https:\/\/www.richardappelbom.se\/wp-content\/uploads\/2026\/03\/Cem_Ozdemir_-minskad.jpg\",\"datePublished\":\"2026-03-11T10:50:53+00:00\",\"dateModified\":\"2026-03-11T10:56:56+00:00\",\"author\":{\"@id\":\"https:\/\/www.richardappelbom.se\/#\/schema\/person\/98f55ffd095155d902e585f10999a15d\"},\"description\":\"Trots tillbakag\u00e5ng beh\u00f6ll De Gr\u00f6na platsen som st\u00f6rsta parti i Baden W\u00fcrttemberg. St\u00f6dr\u00f6stande i Tyskland handlar mer om \\\"presidentval\\\" \u00e4n om att r\u00e4dda partier \u00f6ver sp\u00e4rren.\",\"breadcrumb\":{\"@id\":\"https:\/\/www.richardappelbom.se\/index.php\/2026\/03\/11\/minskad-gron-rostandel-sags-som-en-framgang\/#breadcrumb\"},\"inLanguage\":\"en-US\",\"potentialAction\":[{\"@type\":\"ReadAction\",\"target\":[\"https:\/\/www.richardappelbom.se\/index.php\/2026\/03\/11\/minskad-gron-rostandel-sags-som-en-framgang\/\"]}]},{\"@type\":\"ImageObject\",\"inLanguage\":\"en-US\",\"@id\":\"https:\/\/www.richardappelbom.se\/index.php\/2026\/03\/11\/minskad-gron-rostandel-sags-som-en-framgang\/#primaryimage\",\"url\":\"https:\/\/www.richardappelbom.se\/wp-content\/uploads\/2026\/03\/Cem_Ozdemir_-minskad.jpg\",\"contentUrl\":\"https:\/\/www.richardappelbom.se\/wp-content\/uploads\/2026\/03\/Cem_Ozdemir_-minskad.jpg\",\"width\":100,\"height\":133},{\"@type\":\"BreadcrumbList\",\"@id\":\"https:\/\/www.richardappelbom.se\/index.php\/2026\/03\/11\/minskad-gron-rostandel-sags-som-en-framgang\/#breadcrumb\",\"itemListElement\":[{\"@type\":\"ListItem\",\"position\":1,\"name\":\"Home\",\"item\":\"https:\/\/www.richardappelbom.se\/\"},{\"@type\":\"ListItem\",\"position\":2,\"name\":\"Minskad Gr\u00f6n r\u00f6standel s\u00e5gs som en framg\u00e5ng\"}]},{\"@type\":\"WebSite\",\"@id\":\"https:\/\/www.richardappelbom.se\/#website\",\"url\":\"https:\/\/www.richardappelbom.se\/\",\"name\":\"Richard Appelbom\",\"description\":\"En blogg om val och valsystem\",\"potentialAction\":[{\"@type\":\"SearchAction\",\"target\":{\"@type\":\"EntryPoint\",\"urlTemplate\":\"https:\/\/www.richardappelbom.se\/?s={search_term_string}\"},\"query-input\":{\"@type\":\"PropertyValueSpecification\",\"valueRequired\":true,\"valueName\":\"search_term_string\"}}],\"inLanguage\":\"en-US\"},{\"@type\":\"Person\",\"@id\":\"https:\/\/www.richardappelbom.se\/#\/schema\/person\/98f55ffd095155d902e585f10999a15d\",\"name\":\"admin\",\"image\":{\"@type\":\"ImageObject\",\"inLanguage\":\"en-US\",\"@id\":\"https:\/\/secure.gravatar.com\/avatar\/480edd36f6cc3945e6b2db9fdc6f78df2a3fb98b7b27925b8d810863cfa537e7?s=96&d=mm&r=g\",\"url\":\"https:\/\/secure.gravatar.com\/avatar\/480edd36f6cc3945e6b2db9fdc6f78df2a3fb98b7b27925b8d810863cfa537e7?s=96&d=mm&r=g\",\"contentUrl\":\"https:\/\/secure.gravatar.com\/avatar\/480edd36f6cc3945e6b2db9fdc6f78df2a3fb98b7b27925b8d810863cfa537e7?s=96&d=mm&r=g\",\"caption\":\"admin\"},\"sameAs\":[\"https:\/\/www.facebook.com\/rappelbom\",\"https:\/\/twitter.com\/RichardAppelbom\"],\"url\":\"https:\/\/www.richardappelbom.se\/index.php\/author\/ra_j9l6616t\/\"}]}<\/script>\n<!-- \/ Yoast SEO plugin. -->","yoast_head_json":{"title":"Minskad Gr\u00f6n r\u00f6standel s\u00e5gs som en framg\u00e5ng - Richard Appelbom","description":"Trots tillbakag\u00e5ng beh\u00f6ll De Gr\u00f6na platsen som st\u00f6rsta parti i Baden W\u00fcrttemberg. St\u00f6dr\u00f6stande i Tyskland handlar mer om \"presidentval\" \u00e4n om att r\u00e4dda partier \u00f6ver sp\u00e4rren.","robots":{"index":"index","follow":"follow","max-snippet":"max-snippet:-1","max-image-preview":"max-image-preview:large","max-video-preview":"max-video-preview:-1"},"canonical":"https:\/\/www.richardappelbom.se\/index.php\/2026\/03\/11\/minskad-gron-rostandel-sags-som-en-framgang\/","og_locale":"en_US","og_type":"article","og_title":"Minskad Gr\u00f6n r\u00f6standel s\u00e5gs som en framg\u00e5ng - Richard Appelbom","og_description":"Trots tillbakag\u00e5ng beh\u00f6ll De Gr\u00f6na platsen som st\u00f6rsta parti i Baden W\u00fcrttemberg. St\u00f6dr\u00f6stande i Tyskland handlar mer om \"presidentval\" \u00e4n om att r\u00e4dda partier \u00f6ver sp\u00e4rren.","og_url":"https:\/\/www.richardappelbom.se\/index.php\/2026\/03\/11\/minskad-gron-rostandel-sags-som-en-framgang\/","og_site_name":"Richard Appelbom","article_publisher":"https:\/\/www.facebook.com\/rappelbom","article_author":"https:\/\/www.facebook.com\/rappelbom","article_published_time":"2026-03-11T10:50:53+00:00","article_modified_time":"2026-03-11T10:56:56+00:00","og_image":[{"width":100,"height":133,"url":"https:\/\/www.richardappelbom.se\/wp-content\/uploads\/2026\/03\/Cem_Ozdemir_-minskad.jpg","type":"image\/jpeg"}],"author":"admin","twitter_card":"summary_large_image","twitter_creator":"@RichardAppelbom","twitter_site":"@RichardAppelbom","twitter_misc":{"Written by":"admin","Est. reading time":"3 minutes"},"schema":{"@context":"https:\/\/schema.org","@graph":[{"@type":"Article","@id":"https:\/\/www.richardappelbom.se\/index.php\/2026\/03\/11\/minskad-gron-rostandel-sags-som-en-framgang\/#article","isPartOf":{"@id":"https:\/\/www.richardappelbom.se\/index.php\/2026\/03\/11\/minskad-gron-rostandel-sags-som-en-framgang\/"},"author":{"name":"admin","@id":"https:\/\/www.richardappelbom.se\/#\/schema\/person\/98f55ffd095155d902e585f10999a15d"},"headline":"Minskad Gr\u00f6n r\u00f6standel s\u00e5gs som en framg\u00e5ng","datePublished":"2026-03-11T10:50:53+00:00","dateModified":"2026-03-11T10:56:56+00:00","mainEntityOfPage":{"@id":"https:\/\/www.richardappelbom.se\/index.php\/2026\/03\/11\/minskad-gron-rostandel-sags-som-en-framgang\/"},"wordCount":748,"commentCount":0,"image":{"@id":"https:\/\/www.richardappelbom.se\/index.php\/2026\/03\/11\/minskad-gron-rostandel-sags-som-en-framgang\/#primaryimage"},"thumbnailUrl":"https:\/\/www.richardappelbom.se\/wp-content\/uploads\/2026\/03\/Cem_Ozdemir_-minskad.jpg","articleSection":["Allm\u00e4n Posts"],"inLanguage":"en-US","potentialAction":[{"@type":"CommentAction","name":"Comment","target":["https:\/\/www.richardappelbom.se\/index.php\/2026\/03\/11\/minskad-gron-rostandel-sags-som-en-framgang\/#respond"]}]},{"@type":"WebPage","@id":"https:\/\/www.richardappelbom.se\/index.php\/2026\/03\/11\/minskad-gron-rostandel-sags-som-en-framgang\/","url":"https:\/\/www.richardappelbom.se\/index.php\/2026\/03\/11\/minskad-gron-rostandel-sags-som-en-framgang\/","name":"Minskad Gr\u00f6n r\u00f6standel s\u00e5gs som en framg\u00e5ng - Richard Appelbom","isPartOf":{"@id":"https:\/\/www.richardappelbom.se\/#website"},"primaryImageOfPage":{"@id":"https:\/\/www.richardappelbom.se\/index.php\/2026\/03\/11\/minskad-gron-rostandel-sags-som-en-framgang\/#primaryimage"},"image":{"@id":"https:\/\/www.richardappelbom.se\/index.php\/2026\/03\/11\/minskad-gron-rostandel-sags-som-en-framgang\/#primaryimage"},"thumbnailUrl":"https:\/\/www.richardappelbom.se\/wp-content\/uploads\/2026\/03\/Cem_Ozdemir_-minskad.jpg","datePublished":"2026-03-11T10:50:53+00:00","dateModified":"2026-03-11T10:56:56+00:00","author":{"@id":"https:\/\/www.richardappelbom.se\/#\/schema\/person\/98f55ffd095155d902e585f10999a15d"},"description":"Trots tillbakag\u00e5ng beh\u00f6ll De Gr\u00f6na platsen som st\u00f6rsta parti i Baden W\u00fcrttemberg. St\u00f6dr\u00f6stande i Tyskland handlar mer om \"presidentval\" \u00e4n om att r\u00e4dda partier \u00f6ver sp\u00e4rren.","breadcrumb":{"@id":"https:\/\/www.richardappelbom.se\/index.php\/2026\/03\/11\/minskad-gron-rostandel-sags-som-en-framgang\/#breadcrumb"},"inLanguage":"en-US","potentialAction":[{"@type":"ReadAction","target":["https:\/\/www.richardappelbom.se\/index.php\/2026\/03\/11\/minskad-gron-rostandel-sags-som-en-framgang\/"]}]},{"@type":"ImageObject","inLanguage":"en-US","@id":"https:\/\/www.richardappelbom.se\/index.php\/2026\/03\/11\/minskad-gron-rostandel-sags-som-en-framgang\/#primaryimage","url":"https:\/\/www.richardappelbom.se\/wp-content\/uploads\/2026\/03\/Cem_Ozdemir_-minskad.jpg","contentUrl":"https:\/\/www.richardappelbom.se\/wp-content\/uploads\/2026\/03\/Cem_Ozdemir_-minskad.jpg","width":100,"height":133},{"@type":"BreadcrumbList","@id":"https:\/\/www.richardappelbom.se\/index.php\/2026\/03\/11\/minskad-gron-rostandel-sags-som-en-framgang\/#breadcrumb","itemListElement":[{"@type":"ListItem","position":1,"name":"Home","item":"https:\/\/www.richardappelbom.se\/"},{"@type":"ListItem","position":2,"name":"Minskad Gr\u00f6n r\u00f6standel s\u00e5gs som en framg\u00e5ng"}]},{"@type":"WebSite","@id":"https:\/\/www.richardappelbom.se\/#website","url":"https:\/\/www.richardappelbom.se\/","name":"Richard Appelbom","description":"En blogg om val och valsystem","potentialAction":[{"@type":"SearchAction","target":{"@type":"EntryPoint","urlTemplate":"https:\/\/www.richardappelbom.se\/?s={search_term_string}"},"query-input":{"@type":"PropertyValueSpecification","valueRequired":true,"valueName":"search_term_string"}}],"inLanguage":"en-US"},{"@type":"Person","@id":"https:\/\/www.richardappelbom.se\/#\/schema\/person\/98f55ffd095155d902e585f10999a15d","name":"admin","image":{"@type":"ImageObject","inLanguage":"en-US","@id":"https:\/\/secure.gravatar.com\/avatar\/480edd36f6cc3945e6b2db9fdc6f78df2a3fb98b7b27925b8d810863cfa537e7?s=96&d=mm&r=g","url":"https:\/\/secure.gravatar.com\/avatar\/480edd36f6cc3945e6b2db9fdc6f78df2a3fb98b7b27925b8d810863cfa537e7?s=96&d=mm&r=g","contentUrl":"https:\/\/secure.gravatar.com\/avatar\/480edd36f6cc3945e6b2db9fdc6f78df2a3fb98b7b27925b8d810863cfa537e7?s=96&d=mm&r=g","caption":"admin"},"sameAs":["https:\/\/www.facebook.com\/rappelbom","https:\/\/twitter.com\/RichardAppelbom"],"url":"https:\/\/www.richardappelbom.se\/index.php\/author\/ra_j9l6616t\/"}]}},"jetpack_featured_media_url":"","jetpack_sharing_enabled":true,"_links":{"self":[{"href":"https:\/\/www.richardappelbom.se\/index.php\/wp-json\/wp\/v2\/posts\/638","targetHints":{"allow":["GET"]}}],"collection":[{"href":"https:\/\/www.richardappelbom.se\/index.php\/wp-json\/wp\/v2\/posts"}],"about":[{"href":"https:\/\/www.richardappelbom.se\/index.php\/wp-json\/wp\/v2\/types\/post"}],"author":[{"embeddable":true,"href":"https:\/\/www.richardappelbom.se\/index.php\/wp-json\/wp\/v2\/users\/1"}],"replies":[{"embeddable":true,"href":"https:\/\/www.richardappelbom.se\/index.php\/wp-json\/wp\/v2\/comments?post=638"}],"version-history":[{"count":5,"href":"https:\/\/www.richardappelbom.se\/index.php\/wp-json\/wp\/v2\/posts\/638\/revisions"}],"predecessor-version":[{"id":644,"href":"https:\/\/www.richardappelbom.se\/index.php\/wp-json\/wp\/v2\/posts\/638\/revisions\/644"}],"wp:attachment":[{"href":"https:\/\/www.richardappelbom.se\/index.php\/wp-json\/wp\/v2\/media?parent=638"}],"wp:term":[{"taxonomy":"category","embeddable":true,"href":"https:\/\/www.richardappelbom.se\/index.php\/wp-json\/wp\/v2\/categories?post=638"},{"taxonomy":"post_tag","embeddable":true,"href":"https:\/\/www.richardappelbom.se\/index.php\/wp-json\/wp\/v2\/tags?post=638"}],"curies":[{"name":"wp","href":"https:\/\/api.w.org\/{rel}","templated":true}]}}