{"id":645,"date":"2026-03-24T09:50:51","date_gmt":"2026-03-24T09:50:51","guid":{"rendered":"https:\/\/www.richardappelbom.se\/?p=645"},"modified":"2026-03-24T09:50:57","modified_gmt":"2026-03-24T09:50:57","slug":"taktikroster-pa-stora-mittenvansterpartier-for-att-stoppa-hogern","status":"publish","type":"post","link":"https:\/\/www.richardappelbom.se\/index.php\/2026\/03\/24\/taktikroster-pa-stora-mittenvansterpartier-for-att-stoppa-hogern\/","title":{"rendered":"Taktikr\u00f6ster p\u00e5 stora mittenv\u00e4nsterpartier f\u00f6r att stoppa h\u00f6gern"},"content":{"rendered":"\n<figure class=\"wp-block-gallery has-nested-images columns-default is-cropped wp-block-gallery-1 is-layout-flex wp-block-gallery-is-layout-flex\">\n<figure class=\"wp-block-image size-large\"><img loading=\"lazy\" decoding=\"async\" width=\"183\" height=\"275\" data-id=\"647\" src=\"https:\/\/www.richardappelbom.se\/wp-content\/uploads\/2026\/03\/carlos-pollan-vox.jpg\" alt=\"\" class=\"wp-image-647\"\/><\/figure>\n\n\n\n<figure class=\"wp-block-image size-large\"><img loading=\"lazy\" decoding=\"async\" width=\"275\" height=\"183\" data-id=\"646\" src=\"https:\/\/www.richardappelbom.se\/wp-content\/uploads\/2026\/03\/Janez-Jansa.jpg\" alt=\"\" class=\"wp-image-646\"\/><\/figure>\n<\/figure>\n\n\n\n<figure class=\"wp-block-image size-full is-resized\"><img loading=\"lazy\" decoding=\"async\" width=\"194\" height=\"259\" src=\"https:\/\/www.richardappelbom.se\/wp-content\/uploads\/2026\/03\/marine-le-pen.jpg\" alt=\"\" class=\"wp-image-648\" style=\"width:351px;height:auto\"\/><\/figure>\n\n\n\n<p>H\u00f6geryttrarna Calos Pollen, Vox, Janez Jansa, Slovenien och Marine Le Pen Frankrike gick fram i val, men mindre \u00e4n v\u00e4ntat. Foto: Creative Commonslicenser<\/p>\n\n\n\n<p>I flera val p\u00e5 senare tid anas en effekt d\u00e4r det st\u00f6rsta mittenv\u00e4nsterpartiet i spurten tar r\u00f6ster fr\u00e5n mindre partier i mitten eller till v\u00e4nster.<\/p>\n\n\n\n<p>I <a href=\"https:\/\/en.wikipedia.org\/wiki\/2026_Castilian-Leonese_regional_election\">regionalvalet i Kastilien och Leon i Spanien<\/a> gick det b\u00e4ttre \u00e4n v\u00e4ntat f\u00f6r det nationellt styrande Socialistpartiet. Partiet f\u00f6rv\u00e4ntades g\u00f6ra ett d\u00e5ligt val, men \u00f6kade i st\u00e4llet till 30,7 procent och fick tv\u00e5 mandat mer. Det i regionen styrande h\u00f6gerpartiet PP \u00f6kade dock mer till 35,5 och fick ocks\u00e5 tv\u00e5 mandat ytterligare. H\u00f6gerpopulistiska Vox \u00f6kade ocks\u00e5 om \u00e4n mindre \u00e4n n\u00e5gra m\u00e4tningar visad. Partiet fick 18,9 procent och ett mandat till. J\u00e4mf\u00f6rt med f\u00f6rra regionvalet gick ytterv\u00e4nstern tillbaka, liksom det sedan dess s\u00f6nderfallande liberala Medborgarpartiet. PP fick 33, Socialistpartiet 31 och Vox 15 mandat av totalt 82. \u00d6vriga mandat gick till mindre regionala partier. Kan PP och Vox enas har de tydlig majoritet.<\/p>\n\n\n\n<p><a href=\"https:\/\/www.politico.eu\/article\/pedro-sanchez-socialist-party-defeat-regional-election-castilla-y-leon-spain\/\">Medierapporteringen<\/a> handlade om en ov\u00e4ntad Socialistframg\u00e5ng. Men enligt Wikipedia visade opinionsm\u00e4tningarna veckorna f\u00f6re valet p\u00e5 ett resultat ganska n\u00e4ra det slutgiltiga. Socialisterna gick dock fram n\u00e5got och de sm\u00e5 partierna till v\u00e4nster tappade ytterligare i slutspurten. Valsystemet \u00e4r proportionellt, men utan utj\u00e4mningsmandat och med \u00e5tta valkretsar. Den st\u00f6rsta har 15 och den minsta fem mandat. Den ordningen gynnar st\u00f6rre partier och regionala partier som \u00e4r stora i en eller ett par valkretsar. Partier med brett men l\u00e5gt st\u00f6d f\u00e5r sv\u00e5rt att vinna mandat. Det finns \u00e4ven en sp\u00e4rrgr\u00e4ns p\u00e5 tre procent, men den verkliga sp\u00e4rren \u00e4r enligt Wikipedia h\u00f6gre genom att det kr\u00e4vs mer f\u00f6r att f\u00e5 ett mandat i valkretsarna. PP och Socialistpartiet fick mer mandat \u00e4n deras r\u00f6standel.<\/p>\n\n\n\n<p><a href=\"https:\/\/en.wikipedia.org\/wiki\/2026_Slovenian_parliamentary_election\">I valet i Slovenien<\/a> framst\u00e4lldes h\u00f6gersidan som favorit. Partiet SDS och dess partiledare Janez Jansa ing\u00e5r i den konservativa\/kristdemokratiska EPP-gruppen och har tidigare styrt. Men partiet anses ligga n\u00e4ra Orban\/Trump och en vinst kunde ge nationalisth\u00f6gern st\u00f6rre inflytande i EU. SDS ledde i opinionsm\u00e4tningarna, men i slutspurten gick det liberala regeringspartiet GS om och blev med knapp marginal st\u00f6rst med 28,6 mot 27,9 procent. GP fick 29 och EDS 28 mandat.<\/p>\n\n\n\n<p>H\u00e4r var det tydligt att EP \u00f6kade i valspurten, medan EDS l\u00e5g ganska stilla. J\u00e4mf\u00f6rt med f\u00f6rra valet gick dock EDS fram och EP bak\u00e5t. Men j\u00e4mf\u00f6rt med f\u00f6rv\u00e4ntningarna var valet en framg\u00e5ng f\u00f6r EDS, genom att partiet, om \u00e4n med knapp n\u00f6d, f\u00f6rblev st\u00f6rst. B\u00e5da de mindre v\u00e4nsterpartierna SD och V\u00e4nster\/Gr\u00f6na tappade i spurten. D\u00e4remot h\u00f6ll de st\u00e4llningarna&nbsp; j\u00e4mf\u00f6rt med f\u00f6rra valet, d\u00e4r var det EP som f\u00f6rlorade.<\/p>\n\n\n\n<p>Parlamentet har 90 medlemmar, varav en var \u00e4r garanterad \u00e5t de ungerska och italienska minoriteterna. \u00d6vriga 88 v\u00e4ljs i 11 valkretsar och k\u00f6nkvotering g\u00e4ller med minst 35 procent av vardera k\u00f6net p\u00e5 listorna. &nbsp;Det finns en sp\u00e4rrgr\u00e4ns p\u00e5 fyra procent. Runt 10 procent r\u00f6stade p\u00e5 partier som inte kom in i parlamentet.<\/p>\n\n\n\n<p>Enligt Wikipedia har en folkomr\u00f6stning f\u00f6r preferensr\u00f6stning genomf\u00f6rts, men systemet \u00e4r inte inf\u00f6rt. Det ska ocks\u00e5 p\u00e5g\u00e5 en debatt med krav p\u00e5 ett mer \u201dfranskt\u201d valsystem med tv\u00e5 omg\u00e5ngar.<\/p>\n\n\n\n<p>Valutg\u00e5ngen g\u00f6r det sv\u00e5rt att bilda regering. Det tidigare regeringsunderlaget har tappat majoriteten, men<a href=\"https:\/\/www.politico.eu\/article\/slovenia-election-result-robert-golob-janez-jansa\/\"> det kan bli sv\u00e5rt f\u00f6r h\u00f6gersidan att enas. <\/a>I varje fall torde risken f\u00f6r en utpr\u00e4glad h\u00f6gernationalistisk politik ha minskat.<\/p>\n\n\n\n<p>I Frankrike var det <a href=\"https:\/\/en.wikipedia.org\/wiki\/2026_French_municipal_elections\">lokalval i 35 000 (!) kommuner. <\/a>Det annars s\u00e5 centraliserade Frankrike har en mycket decentraliserad kommunstruktur. Som andra franska val \u00e4ger <a href=\"https:\/\/www.vie-publique.fr\/fiches\/20204-municipales-quel-mode-de-scrutin-dans-les-communes-de-1000-hab-et-plus\">kommunvalen rum i tv\u00e5 omg\u00e5ngar.<\/a> I f\u00f6rsta omg\u00e5ngen vinner en lista som f\u00e5r mer \u00e4n h\u00e4ften av r\u00f6sterna, annars blir det en andra omg\u00e5ng dit alla listor med mer \u00e4n tio procent f\u00e5r g\u00e5 vidare.<\/p>\n\n\n\n<p>Listorna toppas av borgm\u00e4starkandidaterna och m\u00e5ste vara k\u00f6nskvoterade med vartannat namn. Det \u00e4r sedan fullm\u00e4ktige som utser borgm\u00e4stare. Systemet gynnar kraftigt st\u00f6rsta parti \/lista som f\u00e5r egen majoritet. Listan med flest r\u00f6ster f\u00e5r f\u00f6rst h\u00e4lften av platserna, Sedan f\u00f6rdelas resten av platserna proportionellt till alla partier med mer \u00e4n fem procent, inklusive listan som \u00e4r st\u00f6rst och redan har h\u00e4lften av platserna. Det garanterar en rej\u00e4l egen majoritet i fullm\u00e4ktige.<\/p>\n\n\n\n<p>D\u00e4rf\u00f6r blir det viktigt att partierna i andra omg\u00e5ngen enas om gemensamma listor. Den lista som \u00e4r st\u00f6rst f\u00e5r en klar majoritet. I n\u00e5gon m\u00e5n kan man s\u00e4ga att f\u00f6rhandlingarna om framtida styre sker f\u00f6re valet, ist\u00e4llet som i Sverige d\u00e4r ett parti s\u00e4llan har majoritet efter valet. Men v\u00e4ljarna kan tast\u00e4llning till uppg\u00f6relser genom att \u00e4ndra sig i andra valomg\u00e5ngen, vilket ofta sker.<\/p>\n\n\n\n<p>Frankrikek\u00e4nnaren och socialdemokraten Hans Kilsved (som \u00e4r min v\u00e4n) har gjort f\u00f6ljande sammanst\u00e4llning av <a href=\"https:\/\/www.lemonde.fr\/en\/les-decodeurs\/article\/2026\/03\/22\/map-french-municipal-election-results-after-second-round_6751704_8.html\">utg\u00e5ngen av kommunalvalen:<\/a> (en l\u00e4nk till alla valresultat)<\/p>\n\n\n\n<p><a href=\"https:\/\/www.thetimes.com\/world\/europe\/article\/french-elections-socialists-paris-france-news-ghvrbbd0n\">\u201dSocialistpartiet beh\u00e5ller <\/a>borgm\u00e4starposten i Paris. Anne Hildago, som suttit sedan 2002, l\u00e4mnar \u00f6ver till partikollegan Emmanuel Gr\u00e9goire. Parisarna har uppskattat billiga hyresr\u00e4tter och ett gr\u00f6nare Paris med g\u00e5ngstr\u00e5k ist\u00e4llet f\u00f6r bilar l\u00e4ngs Seine, bussfiler, cykelbanor och trottoarer som skyddas mot parkerade bilar. H\u00f6gern vann allts\u00e5 inte trots att v\u00e4nsterpartiet \u201dDet okuvliga Frankrike\u201d st\u00e4llde upp mot Socialistpartiet i andra omg\u00e5ngen.<\/p>\n\n\n\n<p>M\u00e5nga trodde att Marine Le Pens parti Nationell samling skulle ta hem borgm\u00e4starposten i Marseille, men Beno\u00eet Payan omvaldes. I Nice blev det dock en v\u00e4ntad framg\u00e5ng f\u00f6r Nationell Samling.<\/p>\n\n\n\n<p>I Lyon omvaldes De Gr\u00f6nas Gr\u00e9gory Doucet som borgm\u00e4stare, med en knapp marginal mot en mittenkandidat. I Grenoble omvaldes de gr\u00f6nas Laurence Ruffin med bred marginal. Samma sak f\u00f6r den gr\u00f6ne Emmanuel Denis i Tours. I Strasbourg vann socialisten och veteranen Catherine Trautmann \u00f6ver den hittillsvarande gr\u00f6ne borgm\u00e4staren Jeanne Barseghian. I Bordeaux vann Thomas Cazenave, fr\u00e5n Macrons mittenparti, \u00f6ver den hittillsvarande gr\u00f6ne borgm\u00e4staren.<\/p>\n\n\n\n<p>Fran\u00e7ois Bayrou, som nyligen gjorde ett kort f\u00f6rs\u00f6k som premi\u00e4rminister utan att lyckas f\u00e5 ihop en budget, f\u00f6rlorade sin borgm\u00e4starroll till en enad r\u00f6dgr\u00f6n konstellation i sydfranska Pau, d\u00e4r han innehaft posten sedan 2014.<\/p>\n\n\n\n<p>Edouard Phillippe, tidigare premi\u00e4rminister fr\u00e5n mittenpartiet Horizon, vann segern i Le Havre. Han tippas allm\u00e4nt som kandidat i presidentvalet 2027.<\/p>\n\n\n\n<p>I Nantes omvaldes Johanna Rolland fr\u00e5n socialisterna, i Montpellier gjorde hennes partikollega Micha\u00ebl Delafosse samma bragd, trots att v\u00e4nsterpartiet st\u00e4llde upp mot honom.<\/p>\n\n\n\n<p>I Lille stod slutstriden mellan socialisternas kandidat Arnaud Deslandes och v\u00e4nsterpartiets Lahouaria Addouche, med vinst f\u00f6r socialisterna.<\/p>\n\n\n\n<p>I Toulon stod slutstriden mellan h\u00f6gerextrema Nationell Samling och den n\u00e5got mer anst\u00e4ndiga h\u00f6gern, d\u00e4r den senare avgick med en knapp seger.\u201d<\/p>\n\n\n\n<p>D\u00e4rut\u00f6ver kan n\u00e4mnas Toulouse, som Europaklubben i V\u00e4ster\u00e5s ska bes\u00f6ka. H\u00e4r ledde de tv\u00e5 v\u00e4nsterlistorna \u00f6ver den sittande h\u00f6gerborgm\u00e4staren i f\u00f6rsta omg\u00e5ngen. V\u00e4nsteryttern Okuvade Frankrike var st\u00f6rre \u00e4n Socialistlistan, och blev v\u00e4nsterns alternativ. Men d\u00e5 gick v\u00e4ljare i andra omg\u00e5ngen \u00f6ver till borgm\u00e4staren, som vann.<\/p>\n\n\n\n<p>H\u00f6gerextrema (som de s\u00e4ger i Frankrike) Nationell Samling fick inte f\u00f6rv\u00e4ntade framg\u00e5ngar i st\u00f6rre st\u00e4der som Marseille och Toulon. Men partiet fick betydligt fler mandat \u00e4n tidigare och vann en del mindre orter, liksom att den allierade Eric Ciotti vann i Nice. Skillnaden mellan storst\u00e4der och mindre orter finns ocks\u00e5 i Frankrike, extremh\u00f6gern g\u00e5r b\u00e4ttre i sm\u00e5orter och p\u00e5 landsbygden.<\/p>\n\n\n\n<p>V\u00e4nsteryttern Det okuvade Frankrike fick inte heller n\u00e5gra stora framg\u00e5ngar, \u00e4ven om antalet mandat \u00f6kade. V\u00e4ljarna f\u00f6redrog i andra omg\u00e5ngen i flera kommuner mer mitteninriktade kandidater. V\u00e4nsterv\u00e4ljare kan r\u00f6sta p\u00e5 den moderata (i ordets verkliga mening) h\u00f6gern, och mer mitteninriktade h\u00f6gerv\u00e4ljare kan r\u00f6sta p\u00e5 socialister men mer s\u00e4llan p\u00e5 Okuvade Frankrike.<\/p>\n\n\n\n<p>Valsystemet i tv\u00e5 omg\u00e5ngar g\u00f6r det l\u00e4ttare f\u00f6r v\u00e4ljarna att r\u00f6sta bort ytterkantspartier. Samma sak skulle dock uppn\u00e5s genom preferensr\u00f6stning i en omg\u00e5ng.<\/p>\n\n\n\n<figure class=\"wp-block-embed\"><div class=\"wp-block-embed__wrapper\">\nhttps:\/\/www.vie-publique.fr\/fiches\/20204-municipales-quel-mode-de-scrutin-dans-les-communes-de-1000-hab-et-plus\n<\/div><\/figure>\n\n\n\n<figure class=\"wp-block-embed\"><div class=\"wp-block-embed__wrapper\">\nhttps:\/\/www.lemonde.fr\/en\/les-decodeurs\/article\/2026\/03\/22\/map-french-municipal-election-results-after-second-round_6751704_8.html\n<\/div><\/figure>\n\n\n\n<figure class=\"wp-block-embed\"><div class=\"wp-block-embed__wrapper\">\nhttps:\/\/en.wikipedia.org\/wiki\/2026_Castilian-Leonese_regional_election\n<\/div><\/figure>\n\n\n\n<figure class=\"wp-block-embed\"><div class=\"wp-block-embed__wrapper\">\nhttps:\/\/www.politico.eu\/article\/pedro-sanchez-socialist-party-defeat-regional-election-castilla-y-leon-spain\n<\/div><\/figure>\n\n\n\n<figure class=\"wp-block-embed\"><div class=\"wp-block-embed__wrapper\">\nhttps:\/\/en.wikipedia.org\/wiki\/2026_Slovenian_parliamentary_election\n<\/div><\/figure>\n\n\n\n<figure class=\"wp-block-embed\"><div class=\"wp-block-embed__wrapper\">\nhttps:\/\/www.politico.eu\/article\/slovenia-election-result-robert-golob-janez-jansa\n<\/div><\/figure>\n\n\n\n<figure class=\"wp-block-embed\"><div class=\"wp-block-embed__wrapper\">\nhttps:\/\/www.thetimes.com\/world\/europe\/article\/french-elections-socialists-paris-france-news-ghvrbbd0n\n<\/div><\/figure>\n","protected":false},"excerpt":{"rendered":"<p>H\u00f6geryttrarna Calos Pollen, Vox, Janez Jansa, Slovenien och Marine Le Pen Frankrike gick fram i val, men mindre \u00e4n v\u00e4ntat. Foto: Creative Commonslicenser I flera val p\u00e5 senare tid anas en effekt d\u00e4r det st\u00f6rsta mittenv\u00e4nsterpartiet i spurten tar r\u00f6ster fr\u00e5n mindre partier i mitten eller till v\u00e4nster. I regionalvalet i Kastilien och Leon i [&hellip;]<\/p>\n","protected":false},"author":1,"featured_media":0,"comment_status":"open","ping_status":"closed","sticky":false,"template":"","format":"standard","meta":{"_jetpack_memberships_contains_paid_content":false,"footnotes":""},"categories":[10],"tags":[],"class_list":["post-645","post","type-post","status-publish","format-standard","hentry","category-allman-inlagg"],"yoast_head":"<!-- This site is optimized with the Yoast SEO plugin v27.2 - https:\/\/yoast.com\/product\/yoast-seo-wordpress\/ -->\n<title>Taktikr\u00f6ster p\u00e5 stora mittenv\u00e4nsterpartier f\u00f6r att stoppa h\u00f6gern - Richard Appelbom<\/title>\n<meta name=\"description\" content=\"Kommunval i Frankrike, parlamentsval i Slovenien och ett regionalval i Spanien gav mindre framg\u00e5ngar \u00e4n v\u00e4ntat f\u00f6r nationalisth\u00f6gern.\" \/>\n<meta name=\"robots\" content=\"index, follow, max-snippet:-1, max-image-preview:large, max-video-preview:-1\" \/>\n<link rel=\"canonical\" href=\"https:\/\/www.richardappelbom.se\/index.php\/2026\/03\/24\/taktikroster-pa-stora-mittenvansterpartier-for-att-stoppa-hogern\/\" \/>\n<meta property=\"og:locale\" content=\"en_US\" \/>\n<meta property=\"og:type\" content=\"article\" \/>\n<meta property=\"og:title\" content=\"Taktikr\u00f6ster p\u00e5 stora mittenv\u00e4nsterpartier f\u00f6r att stoppa h\u00f6gern - Richard Appelbom\" \/>\n<meta property=\"og:description\" content=\"Kommunval i Frankrike, parlamentsval i Slovenien och ett regionalval i Spanien gav mindre framg\u00e5ngar \u00e4n v\u00e4ntat f\u00f6r nationalisth\u00f6gern.\" \/>\n<meta property=\"og:url\" content=\"https:\/\/www.richardappelbom.se\/index.php\/2026\/03\/24\/taktikroster-pa-stora-mittenvansterpartier-for-att-stoppa-hogern\/\" \/>\n<meta property=\"og:site_name\" content=\"Richard Appelbom\" \/>\n<meta property=\"article:publisher\" content=\"https:\/\/www.facebook.com\/rappelbom\" \/>\n<meta property=\"article:author\" content=\"https:\/\/www.facebook.com\/rappelbom\" \/>\n<meta property=\"article:published_time\" content=\"2026-03-24T09:50:51+00:00\" \/>\n<meta property=\"article:modified_time\" content=\"2026-03-24T09:50:57+00:00\" \/>\n<meta property=\"og:image\" content=\"https:\/\/www.richardappelbom.se\/wp-content\/uploads\/2026\/03\/carlos-pollan-vox.jpg\" \/>\n\t<meta property=\"og:image:width\" content=\"183\" \/>\n\t<meta property=\"og:image:height\" content=\"275\" \/>\n\t<meta property=\"og:image:type\" content=\"image\/jpeg\" \/>\n<meta name=\"author\" content=\"admin\" \/>\n<meta name=\"twitter:card\" content=\"summary_large_image\" \/>\n<meta name=\"twitter:creator\" content=\"@RichardAppelbom\" \/>\n<meta name=\"twitter:site\" content=\"@RichardAppelbom\" \/>\n<meta name=\"twitter:label1\" content=\"Written by\" \/>\n\t<meta name=\"twitter:data1\" content=\"admin\" \/>\n\t<meta name=\"twitter:label2\" content=\"Est. reading time\" \/>\n\t<meta name=\"twitter:data2\" content=\"6 minutes\" \/>\n<script type=\"application\/ld+json\" class=\"yoast-schema-graph\">{\"@context\":\"https:\/\/schema.org\",\"@graph\":[{\"@type\":\"Article\",\"@id\":\"https:\/\/www.richardappelbom.se\/index.php\/2026\/03\/24\/taktikroster-pa-stora-mittenvansterpartier-for-att-stoppa-hogern\/#article\",\"isPartOf\":{\"@id\":\"https:\/\/www.richardappelbom.se\/index.php\/2026\/03\/24\/taktikroster-pa-stora-mittenvansterpartier-for-att-stoppa-hogern\/\"},\"author\":{\"name\":\"admin\",\"@id\":\"https:\/\/www.richardappelbom.se\/#\/schema\/person\/98f55ffd095155d902e585f10999a15d\"},\"headline\":\"Taktikr\u00f6ster p\u00e5 stora mittenv\u00e4nsterpartier f\u00f6r att stoppa h\u00f6gern\",\"datePublished\":\"2026-03-24T09:50:51+00:00\",\"dateModified\":\"2026-03-24T09:50:57+00:00\",\"mainEntityOfPage\":{\"@id\":\"https:\/\/www.richardappelbom.se\/index.php\/2026\/03\/24\/taktikroster-pa-stora-mittenvansterpartier-for-att-stoppa-hogern\/\"},\"wordCount\":1506,\"commentCount\":0,\"image\":{\"@id\":\"https:\/\/www.richardappelbom.se\/index.php\/2026\/03\/24\/taktikroster-pa-stora-mittenvansterpartier-for-att-stoppa-hogern\/#primaryimage\"},\"thumbnailUrl\":\"https:\/\/www.richardappelbom.se\/wp-content\/uploads\/2026\/03\/carlos-pollan-vox.jpg\",\"articleSection\":[\"Allm\u00e4n Posts\"],\"inLanguage\":\"en-US\",\"potentialAction\":[{\"@type\":\"CommentAction\",\"name\":\"Comment\",\"target\":[\"https:\/\/www.richardappelbom.se\/index.php\/2026\/03\/24\/taktikroster-pa-stora-mittenvansterpartier-for-att-stoppa-hogern\/#respond\"]}]},{\"@type\":\"WebPage\",\"@id\":\"https:\/\/www.richardappelbom.se\/index.php\/2026\/03\/24\/taktikroster-pa-stora-mittenvansterpartier-for-att-stoppa-hogern\/\",\"url\":\"https:\/\/www.richardappelbom.se\/index.php\/2026\/03\/24\/taktikroster-pa-stora-mittenvansterpartier-for-att-stoppa-hogern\/\",\"name\":\"Taktikr\u00f6ster p\u00e5 stora mittenv\u00e4nsterpartier f\u00f6r att stoppa h\u00f6gern - Richard Appelbom\",\"isPartOf\":{\"@id\":\"https:\/\/www.richardappelbom.se\/#website\"},\"primaryImageOfPage\":{\"@id\":\"https:\/\/www.richardappelbom.se\/index.php\/2026\/03\/24\/taktikroster-pa-stora-mittenvansterpartier-for-att-stoppa-hogern\/#primaryimage\"},\"image\":{\"@id\":\"https:\/\/www.richardappelbom.se\/index.php\/2026\/03\/24\/taktikroster-pa-stora-mittenvansterpartier-for-att-stoppa-hogern\/#primaryimage\"},\"thumbnailUrl\":\"https:\/\/www.richardappelbom.se\/wp-content\/uploads\/2026\/03\/carlos-pollan-vox.jpg\",\"datePublished\":\"2026-03-24T09:50:51+00:00\",\"dateModified\":\"2026-03-24T09:50:57+00:00\",\"author\":{\"@id\":\"https:\/\/www.richardappelbom.se\/#\/schema\/person\/98f55ffd095155d902e585f10999a15d\"},\"description\":\"Kommunval i Frankrike, parlamentsval i Slovenien och ett regionalval i Spanien gav mindre framg\u00e5ngar \u00e4n v\u00e4ntat f\u00f6r nationalisth\u00f6gern.\",\"breadcrumb\":{\"@id\":\"https:\/\/www.richardappelbom.se\/index.php\/2026\/03\/24\/taktikroster-pa-stora-mittenvansterpartier-for-att-stoppa-hogern\/#breadcrumb\"},\"inLanguage\":\"en-US\",\"potentialAction\":[{\"@type\":\"ReadAction\",\"target\":[\"https:\/\/www.richardappelbom.se\/index.php\/2026\/03\/24\/taktikroster-pa-stora-mittenvansterpartier-for-att-stoppa-hogern\/\"]}]},{\"@type\":\"ImageObject\",\"inLanguage\":\"en-US\",\"@id\":\"https:\/\/www.richardappelbom.se\/index.php\/2026\/03\/24\/taktikroster-pa-stora-mittenvansterpartier-for-att-stoppa-hogern\/#primaryimage\",\"url\":\"https:\/\/www.richardappelbom.se\/wp-content\/uploads\/2026\/03\/carlos-pollan-vox.jpg\",\"contentUrl\":\"https:\/\/www.richardappelbom.se\/wp-content\/uploads\/2026\/03\/carlos-pollan-vox.jpg\",\"width\":183,\"height\":275},{\"@type\":\"BreadcrumbList\",\"@id\":\"https:\/\/www.richardappelbom.se\/index.php\/2026\/03\/24\/taktikroster-pa-stora-mittenvansterpartier-for-att-stoppa-hogern\/#breadcrumb\",\"itemListElement\":[{\"@type\":\"ListItem\",\"position\":1,\"name\":\"Home\",\"item\":\"https:\/\/www.richardappelbom.se\/\"},{\"@type\":\"ListItem\",\"position\":2,\"name\":\"Taktikr\u00f6ster p\u00e5 stora mittenv\u00e4nsterpartier f\u00f6r att stoppa h\u00f6gern\"}]},{\"@type\":\"WebSite\",\"@id\":\"https:\/\/www.richardappelbom.se\/#website\",\"url\":\"https:\/\/www.richardappelbom.se\/\",\"name\":\"Richard Appelbom\",\"description\":\"En blogg om val och valsystem\",\"potentialAction\":[{\"@type\":\"SearchAction\",\"target\":{\"@type\":\"EntryPoint\",\"urlTemplate\":\"https:\/\/www.richardappelbom.se\/?s={search_term_string}\"},\"query-input\":{\"@type\":\"PropertyValueSpecification\",\"valueRequired\":true,\"valueName\":\"search_term_string\"}}],\"inLanguage\":\"en-US\"},{\"@type\":\"Person\",\"@id\":\"https:\/\/www.richardappelbom.se\/#\/schema\/person\/98f55ffd095155d902e585f10999a15d\",\"name\":\"admin\",\"image\":{\"@type\":\"ImageObject\",\"inLanguage\":\"en-US\",\"@id\":\"https:\/\/secure.gravatar.com\/avatar\/480edd36f6cc3945e6b2db9fdc6f78df2a3fb98b7b27925b8d810863cfa537e7?s=96&d=mm&r=g\",\"url\":\"https:\/\/secure.gravatar.com\/avatar\/480edd36f6cc3945e6b2db9fdc6f78df2a3fb98b7b27925b8d810863cfa537e7?s=96&d=mm&r=g\",\"contentUrl\":\"https:\/\/secure.gravatar.com\/avatar\/480edd36f6cc3945e6b2db9fdc6f78df2a3fb98b7b27925b8d810863cfa537e7?s=96&d=mm&r=g\",\"caption\":\"admin\"},\"sameAs\":[\"https:\/\/www.facebook.com\/rappelbom\",\"https:\/\/twitter.com\/RichardAppelbom\"],\"url\":\"https:\/\/www.richardappelbom.se\/index.php\/author\/ra_j9l6616t\/\"}]}<\/script>\n<!-- \/ Yoast SEO plugin. -->","yoast_head_json":{"title":"Taktikr\u00f6ster p\u00e5 stora mittenv\u00e4nsterpartier f\u00f6r att stoppa h\u00f6gern - Richard Appelbom","description":"Kommunval i Frankrike, parlamentsval i Slovenien och ett regionalval i Spanien gav mindre framg\u00e5ngar \u00e4n v\u00e4ntat f\u00f6r nationalisth\u00f6gern.","robots":{"index":"index","follow":"follow","max-snippet":"max-snippet:-1","max-image-preview":"max-image-preview:large","max-video-preview":"max-video-preview:-1"},"canonical":"https:\/\/www.richardappelbom.se\/index.php\/2026\/03\/24\/taktikroster-pa-stora-mittenvansterpartier-for-att-stoppa-hogern\/","og_locale":"en_US","og_type":"article","og_title":"Taktikr\u00f6ster p\u00e5 stora mittenv\u00e4nsterpartier f\u00f6r att stoppa h\u00f6gern - Richard Appelbom","og_description":"Kommunval i Frankrike, parlamentsval i Slovenien och ett regionalval i Spanien gav mindre framg\u00e5ngar \u00e4n v\u00e4ntat f\u00f6r nationalisth\u00f6gern.","og_url":"https:\/\/www.richardappelbom.se\/index.php\/2026\/03\/24\/taktikroster-pa-stora-mittenvansterpartier-for-att-stoppa-hogern\/","og_site_name":"Richard Appelbom","article_publisher":"https:\/\/www.facebook.com\/rappelbom","article_author":"https:\/\/www.facebook.com\/rappelbom","article_published_time":"2026-03-24T09:50:51+00:00","article_modified_time":"2026-03-24T09:50:57+00:00","og_image":[{"width":183,"height":275,"url":"https:\/\/www.richardappelbom.se\/wp-content\/uploads\/2026\/03\/carlos-pollan-vox.jpg","type":"image\/jpeg"}],"author":"admin","twitter_card":"summary_large_image","twitter_creator":"@RichardAppelbom","twitter_site":"@RichardAppelbom","twitter_misc":{"Written by":"admin","Est. reading time":"6 minutes"},"schema":{"@context":"https:\/\/schema.org","@graph":[{"@type":"Article","@id":"https:\/\/www.richardappelbom.se\/index.php\/2026\/03\/24\/taktikroster-pa-stora-mittenvansterpartier-for-att-stoppa-hogern\/#article","isPartOf":{"@id":"https:\/\/www.richardappelbom.se\/index.php\/2026\/03\/24\/taktikroster-pa-stora-mittenvansterpartier-for-att-stoppa-hogern\/"},"author":{"name":"admin","@id":"https:\/\/www.richardappelbom.se\/#\/schema\/person\/98f55ffd095155d902e585f10999a15d"},"headline":"Taktikr\u00f6ster p\u00e5 stora mittenv\u00e4nsterpartier f\u00f6r att stoppa h\u00f6gern","datePublished":"2026-03-24T09:50:51+00:00","dateModified":"2026-03-24T09:50:57+00:00","mainEntityOfPage":{"@id":"https:\/\/www.richardappelbom.se\/index.php\/2026\/03\/24\/taktikroster-pa-stora-mittenvansterpartier-for-att-stoppa-hogern\/"},"wordCount":1506,"commentCount":0,"image":{"@id":"https:\/\/www.richardappelbom.se\/index.php\/2026\/03\/24\/taktikroster-pa-stora-mittenvansterpartier-for-att-stoppa-hogern\/#primaryimage"},"thumbnailUrl":"https:\/\/www.richardappelbom.se\/wp-content\/uploads\/2026\/03\/carlos-pollan-vox.jpg","articleSection":["Allm\u00e4n Posts"],"inLanguage":"en-US","potentialAction":[{"@type":"CommentAction","name":"Comment","target":["https:\/\/www.richardappelbom.se\/index.php\/2026\/03\/24\/taktikroster-pa-stora-mittenvansterpartier-for-att-stoppa-hogern\/#respond"]}]},{"@type":"WebPage","@id":"https:\/\/www.richardappelbom.se\/index.php\/2026\/03\/24\/taktikroster-pa-stora-mittenvansterpartier-for-att-stoppa-hogern\/","url":"https:\/\/www.richardappelbom.se\/index.php\/2026\/03\/24\/taktikroster-pa-stora-mittenvansterpartier-for-att-stoppa-hogern\/","name":"Taktikr\u00f6ster p\u00e5 stora mittenv\u00e4nsterpartier f\u00f6r att stoppa h\u00f6gern - Richard Appelbom","isPartOf":{"@id":"https:\/\/www.richardappelbom.se\/#website"},"primaryImageOfPage":{"@id":"https:\/\/www.richardappelbom.se\/index.php\/2026\/03\/24\/taktikroster-pa-stora-mittenvansterpartier-for-att-stoppa-hogern\/#primaryimage"},"image":{"@id":"https:\/\/www.richardappelbom.se\/index.php\/2026\/03\/24\/taktikroster-pa-stora-mittenvansterpartier-for-att-stoppa-hogern\/#primaryimage"},"thumbnailUrl":"https:\/\/www.richardappelbom.se\/wp-content\/uploads\/2026\/03\/carlos-pollan-vox.jpg","datePublished":"2026-03-24T09:50:51+00:00","dateModified":"2026-03-24T09:50:57+00:00","author":{"@id":"https:\/\/www.richardappelbom.se\/#\/schema\/person\/98f55ffd095155d902e585f10999a15d"},"description":"Kommunval i Frankrike, parlamentsval i Slovenien och ett regionalval i Spanien gav mindre framg\u00e5ngar \u00e4n v\u00e4ntat f\u00f6r nationalisth\u00f6gern.","breadcrumb":{"@id":"https:\/\/www.richardappelbom.se\/index.php\/2026\/03\/24\/taktikroster-pa-stora-mittenvansterpartier-for-att-stoppa-hogern\/#breadcrumb"},"inLanguage":"en-US","potentialAction":[{"@type":"ReadAction","target":["https:\/\/www.richardappelbom.se\/index.php\/2026\/03\/24\/taktikroster-pa-stora-mittenvansterpartier-for-att-stoppa-hogern\/"]}]},{"@type":"ImageObject","inLanguage":"en-US","@id":"https:\/\/www.richardappelbom.se\/index.php\/2026\/03\/24\/taktikroster-pa-stora-mittenvansterpartier-for-att-stoppa-hogern\/#primaryimage","url":"https:\/\/www.richardappelbom.se\/wp-content\/uploads\/2026\/03\/carlos-pollan-vox.jpg","contentUrl":"https:\/\/www.richardappelbom.se\/wp-content\/uploads\/2026\/03\/carlos-pollan-vox.jpg","width":183,"height":275},{"@type":"BreadcrumbList","@id":"https:\/\/www.richardappelbom.se\/index.php\/2026\/03\/24\/taktikroster-pa-stora-mittenvansterpartier-for-att-stoppa-hogern\/#breadcrumb","itemListElement":[{"@type":"ListItem","position":1,"name":"Home","item":"https:\/\/www.richardappelbom.se\/"},{"@type":"ListItem","position":2,"name":"Taktikr\u00f6ster p\u00e5 stora mittenv\u00e4nsterpartier f\u00f6r att stoppa h\u00f6gern"}]},{"@type":"WebSite","@id":"https:\/\/www.richardappelbom.se\/#website","url":"https:\/\/www.richardappelbom.se\/","name":"Richard Appelbom","description":"En blogg om val och valsystem","potentialAction":[{"@type":"SearchAction","target":{"@type":"EntryPoint","urlTemplate":"https:\/\/www.richardappelbom.se\/?s={search_term_string}"},"query-input":{"@type":"PropertyValueSpecification","valueRequired":true,"valueName":"search_term_string"}}],"inLanguage":"en-US"},{"@type":"Person","@id":"https:\/\/www.richardappelbom.se\/#\/schema\/person\/98f55ffd095155d902e585f10999a15d","name":"admin","image":{"@type":"ImageObject","inLanguage":"en-US","@id":"https:\/\/secure.gravatar.com\/avatar\/480edd36f6cc3945e6b2db9fdc6f78df2a3fb98b7b27925b8d810863cfa537e7?s=96&d=mm&r=g","url":"https:\/\/secure.gravatar.com\/avatar\/480edd36f6cc3945e6b2db9fdc6f78df2a3fb98b7b27925b8d810863cfa537e7?s=96&d=mm&r=g","contentUrl":"https:\/\/secure.gravatar.com\/avatar\/480edd36f6cc3945e6b2db9fdc6f78df2a3fb98b7b27925b8d810863cfa537e7?s=96&d=mm&r=g","caption":"admin"},"sameAs":["https:\/\/www.facebook.com\/rappelbom","https:\/\/twitter.com\/RichardAppelbom"],"url":"https:\/\/www.richardappelbom.se\/index.php\/author\/ra_j9l6616t\/"}]}},"jetpack_featured_media_url":"","jetpack_sharing_enabled":true,"_links":{"self":[{"href":"https:\/\/www.richardappelbom.se\/index.php\/wp-json\/wp\/v2\/posts\/645","targetHints":{"allow":["GET"]}}],"collection":[{"href":"https:\/\/www.richardappelbom.se\/index.php\/wp-json\/wp\/v2\/posts"}],"about":[{"href":"https:\/\/www.richardappelbom.se\/index.php\/wp-json\/wp\/v2\/types\/post"}],"author":[{"embeddable":true,"href":"https:\/\/www.richardappelbom.se\/index.php\/wp-json\/wp\/v2\/users\/1"}],"replies":[{"embeddable":true,"href":"https:\/\/www.richardappelbom.se\/index.php\/wp-json\/wp\/v2\/comments?post=645"}],"version-history":[{"count":1,"href":"https:\/\/www.richardappelbom.se\/index.php\/wp-json\/wp\/v2\/posts\/645\/revisions"}],"predecessor-version":[{"id":649,"href":"https:\/\/www.richardappelbom.se\/index.php\/wp-json\/wp\/v2\/posts\/645\/revisions\/649"}],"wp:attachment":[{"href":"https:\/\/www.richardappelbom.se\/index.php\/wp-json\/wp\/v2\/media?parent=645"}],"wp:term":[{"taxonomy":"category","embeddable":true,"href":"https:\/\/www.richardappelbom.se\/index.php\/wp-json\/wp\/v2\/categories?post=645"},{"taxonomy":"post_tag","embeddable":true,"href":"https:\/\/www.richardappelbom.se\/index.php\/wp-json\/wp\/v2\/tags?post=645"}],"curies":[{"name":"wp","href":"https:\/\/api.w.org\/{rel}","templated":true}]}}