{"id":650,"date":"2026-03-26T18:13:37","date_gmt":"2026-03-26T18:13:37","guid":{"rendered":"https:\/\/www.richardappelbom.se\/?p=650"},"modified":"2026-03-26T18:38:33","modified_gmt":"2026-03-26T18:38:33","slug":"breda-mitten-i-danmark-lackte-valjare-men-moderterne-behaller-regeringsnyckeln","status":"publish","type":"post","link":"https:\/\/www.richardappelbom.se\/index.php\/2026\/03\/26\/breda-mitten-i-danmark-lackte-valjare-men-moderterne-behaller-regeringsnyckeln\/","title":{"rendered":"Breda mitten i Danmark l\u00e4ckte v\u00e4ljare men Moderaterne beh\u00e5ller regeringsnyckeln"},"content":{"rendered":"\n<figure class=\"wp-block-gallery has-nested-images columns-default is-cropped wp-block-gallery-1 is-layout-flex wp-block-gallery-is-layout-flex\">\n<figure class=\"wp-block-image size-large\"><img loading=\"lazy\" decoding=\"async\" width=\"238\" height=\"211\" data-id=\"652\" src=\"https:\/\/www.richardappelbom.se\/wp-content\/uploads\/2026\/03\/Mette-Frederiksen.jpg\" alt=\"\" class=\"wp-image-652\"\/><\/figure>\n\n\n\n<figure class=\"wp-block-image size-large\"><img loading=\"lazy\" decoding=\"async\" width=\"188\" height=\"268\" data-id=\"651\" src=\"https:\/\/www.richardappelbom.se\/wp-content\/uploads\/2026\/03\/Lars-Lokke.jpg\" alt=\"\" class=\"wp-image-651\"\/><\/figure>\n<\/figure>\n\n\n\n<p>Valet huvudpersoner statsminister Mette Frederiksen (S) och utrikesminister Lars L\u00f6kke Rasmussen, Moderaterne.<\/p>\n\n\n\n<p>S\u00e5 var det dags f\u00f6r<a href=\"https:\/\/nyheder.tv2.dk\/folketingsvalg\/valgresultater\"> val igen i Danmark<\/a>. I november var det kommunalval. D\u00e4r var en skillnad fr\u00e5n Sverige tydlig och inspirerande. P\u00e5 de flesta h\u00e5ll kom partierna med till synes gott hum\u00f6r \u00f6verens om styre redan p\u00e5 valnatten, inte som inte som hos oss ofta efter l\u00e5ngdragna och sega f\u00f6rhandlingar.<\/p>\n\n\n\n<p>Redan efter n\u00e5gra m\u00e5nader var det dags f\u00f6r folketings(riksdags)val den 23 mars. \u00c5ter skulle v\u00e4ljarna till vallokalen och partiarbetarna beh\u00f6vde med kort varsel driva valr\u00f6relse p\u00e5 nytt.<\/p>\n\n\n\n<p>S\u00e5 kan det g\u00e5 n\u00e4r statsministern best\u00e4mmer valdag f\u00f6r folketingsvalet medan kommunvalen har en best\u00e4md valdag vart fj\u00e4rde \u00e5r. F\u00f6rdelen med att statsministern utlyser val inom en best\u00e4md period, i Danmark fyra \u00e5r, \u00e4r att valr\u00f6relsen blir kort och intensiv. Nackdelen anses vara att regeringen f\u00e5r en f\u00f6rdel av att kunna best\u00e4mma valdagen. Fr\u00e5gan \u00e4r dock hur stor f\u00f6rdelen \u00e4r, den h\u00e4r g\u00e5ngen gick alla regeringspartier tillbaka.<\/p>\n\n\n\n<p>V\u00e4ljarna verkar dock inte ha tr\u00f6ttnat trots n\u00e4rheten till kommunvalen. Valdeltagande i folketingsvalet sj\u00f6nk n\u00e5got, men var \u00e4nd\u00e5 imponerande 84 procent.&nbsp;<a href=\"https:\/\/www.dr.dk\/nyheder\/politik\/folketingsvalg\/unge-kvinder-stormer-ind-i-folketinget\"> Andelen kvinnor i folketinget <\/a>\u00f6kade och blev 48 procent.<\/p>\n\n\n\n<p>Det g\u00e4ller att inte \u00f6verskatta likheterna mellan Sverige och Danmark. Socialdemokraterna har inte varit lika dominerande som i Sverige. Deras&nbsp; b\u00e4sta valresultatet efter andra v\u00e4rldskriget var 42 procent, medan S i Sverige l\u00e4nge genomg\u00e5ende hade en bra bit \u00f6ver 40 procent i val efter val.<\/p>\n\n\n\n<p>&nbsp;Stora valfr\u00e5gor den h\u00e4r g\u00e5ngen var dricksvattnets kvalitet, fr\u00e5gan om h\u00e5rdare regle<a href=\"https:\/\/www.dr.dk\/nyheder\/politik\/folketingsvalg\/efter-endnu-en-tv-duel-med-grisevelfaerd-landbruget-foeler-sig-som-en-skydeskive\">r f\u00f6r sving\u00e5rdar <\/a>och att inf\u00f6ra en f\u00f6rm\u00f6genhetsskatt. De blir knappast viktiga fr\u00e5gor i den svenska valr\u00f6relsen.<\/p>\n\n\n\n<p>Danmark har en l\u00e5g sp\u00e4rrgr\u00e4ns p\u00e5 tv\u00e5 procent. De h\u00e5rt tr\u00e4ngda svenska Liberalerna kunde \u00f6nska danska regler, d\u00e5 hade mycket av turbulensen och risken att hamna under riksdagssp\u00e4rren undvikits. En l\u00e5g sp\u00e4rrgr\u00e4ns ger dock fler partier, tolv kom in i folketinget den h\u00e4r g\u00e5ngen. Det kan bli r\u00f6rigt.<\/p>\n\n\n\n<p>Men trots detta, visst finns samtidigt likheter mellan svensk och dansk politik. Partierna har varit uppdelade i r\u00f6tt (v\u00e4nster) och bl\u00e5tt (borgerligt) block. Socialdemokraterna har ofta haft regeringsmakten. Fr\u00e5n att tidigare ha varit h\u00e5rt kritiserad ses den h\u00e5rda danska invandringspolitiken (utl\u00e4nningspolitik s\u00e4ger danskarna) nu som ett f\u00f6red\u00f6me av Tid\u00f6laget och Socialdemokraterna.<\/p>\n\n\n\n<p>I Sverige brukar de som vill h\u00e5lla SD borta vilja ha ett samarbete i \u201dden breda mitten\u201d. Danmark har haft just en s\u00e5dan regering d\u00e4r Socialdemokraterna, det traditionellt ledande borgerliga h\u00f6gerliberala partiet Venstre och Moderaterna, en utbrytning fr\u00e5n Venstre lett av Lars L\u00f6kke Rasmussen, bildat regering.<\/p>\n\n\n\n<p>F\u00f6rslagen om en bred mittenregering i Sverige har i mycket handlat om att med r\u00f6da linjer hindra samarbete med ytterkantspartier redan innan det har pr\u00f6vats. I Danmark&nbsp; tr\u00f6ttnade d\u00e4remot L\u00f6kke p\u00e5 att som Venstreledare och statsminister \u00e5r efter \u00e5r lirka med h\u00f6gerpopulistiska Dansk folkeparti. Med den erfarenheten i ryggen bildades Moderaterne f\u00f6r att begr\u00e4nsa flygelpartiernas inflytande.<\/p>\n\n\n\n<p>Regeringen verkar ha fungerat hyfsat, men partierna har l\u00e4ckt v\u00e4ljare \u00e5t b\u00e5de h\u00f6ger och v\u00e4nster. Just det som skeptiker till block\u00f6verskridande regeringar fruktar. I valspurten tycks de dock, s\u00e4rskilt Moderaterne, ha g\u00e5tt fram och begr\u00e4nsat f\u00f6rlusterna. En del v\u00e4ljare kanske f\u00f6redrog s\u00e4kra kort n\u00e4r Donald Trump hotade Gr\u00f6nland.<\/p>\n\n\n\n<p>Noterbart \u00e4r att <a href=\"https:\/\/www.dr.dk\/nyheder\/politik\/folketingsvalg\/exitpoll-loekke-staar-til-noeglerolle-katastrofevalg-til-s-og-v\">vallokalsunders\u00f6kning fr\u00e5n DR <\/a>underskattade Socialdemokraternas valresultat med n\u00e4stan tre procentenheter (19,2 mot valresultatet p\u00e5 21,9) S gick \u00e4nd\u00e5 kraftigt tillbaka fr\u00e5n 27,5 i f\u00f6rra folketingsvalet, men den \u00f6verskattade nedg\u00e5ngen p\u00e5verkade an analyserna, till exempel i SVT Aktuellt innan r\u00f6str\u00e4kningen gav utrymme f\u00f6r prognoser.<\/p>\n\n\n\n<p>Liberala partier klarade sig ganska bra. Socialliberala Radikale, som har en position liknande Centern i Sverige, gick fram till 5,8 procent. H\u00f6gerliberala och tydligt anti-Socialdemokraterna &nbsp;Liberal alliance (LA) gjorde sitt b\u00e4sta val n\u00e5gonsin med 9,4 procent. Kan LA vara n\u00e5got L-ledningen i Sverige sneglar p\u00e5 i sin jakt p\u00e5 h\u00f6gerv\u00e4ljare? LA vill<a href=\"https:\/\/www.dr.dk\/nyheder\/politik\/liberal-alliance-vil-saenke-skatter-47-milliarder-kroner-gennem-reformer\"> visserligen minska bist\u00e5ndet<\/a> och ha en h\u00e5rdare invandringspolitik, men i jakten p\u00e5 v\u00e4ljare verkar dagens L-ledning f\u00f6lja Groucho Marxmodellen \u201dJag h\u00e5ller h\u00e5rt p\u00e5 mina&nbsp;<em><strong>principer<\/strong><\/em>&nbsp;och om de inte passar er s\u00e5 har jag andra\u201d. S\u00e5 vem vet?<\/p>\n\n\n\n<p>Det traditionellt st\u00f6rsta borgerliga och h\u00f6gerliberala partiet Venstre gick tillbaka till 10,1 , men beh\u00f6ll med knapp matginal f\u00f6rstaplatsen bland de bl\u00e5 partierna. Det blev <a href=\"https:\/\/nyheder.tv2.dk\/folketingsvalg\/valgresultater\">dock inget mandat alls<\/a> i huvudstaden K\u00f6penhamn.<\/p>\n\n\n\n<p>Dansk folkeparti, (DF) som var n\u00e4ra att falla ur i f\u00f6rra valet med 2,6 procent, gjorde ett bra val och fick 9,1 procent. Men betydligt mindre \u00e4n under partiets glansdagar. Sammantaget fick de tre h\u00f6gerpopulistiska partierna DF, Danmarksdemokraterna, en h\u00f6gerutbrytning fr\u00e5n Venstre &nbsp;som f\u00e5tt \u00f6ver en del politiker fr\u00e5n DF&nbsp; och Borgernes parti 17 procent. Vilket \u00e4r n\u00e5got l\u00e4gre \u00e4n h\u00f6gerpopulister har i flera andra v\u00e4steuropeiska demokratier.<\/p>\n\n\n\n<p>I Sverige n\u00e4rs en f\u00f6rhoppning att Tid\u00f6lagets h\u00e5rda invandringspolitik redan har n\u00e5tt v\u00e4gs \u00e4nde.&nbsp; S\u00e5 \u00e4r det inte i Danmark. Trots <a href=\"https:\/\/www.theguardian.com\/world\/2026\/mar\/24\/how-the-danish-mainstream-embraced-far-right-immigration-politics\">\u00e5tstramningar \u00e5r efter \u00e5r <\/a>gick partierna i det bl\u00e5 blocket till val p\u00e5 ytterligare h\u00e5rda tag&nbsp; och Socialdemokraterna var tydliga med att det strama politiken l\u00e5g fast. H\u00e4r tycks tr\u00e5kigt nog devisen \u201daldrig nog-alltid mer\u201d g\u00e4lla.<\/p>\n\n\n\n<p>Socialdemokraterna har vunnit tillbaka v\u00e4ljare p\u00e5 sin tuffa migrationspolitik, men f\u00f6rlorat andra fr\u00e4mst i storst\u00e4der. Ytterv\u00e4nsterpartiet Enhetslistan blev st\u00f6rsta parti i K\u00f6penhamn. I de senaste m\u00e4tningarna i Sverige anas en liknande trend, Socialdemokraterna tappar till MP, V och C.<\/p>\n\n\n\n<p>Inget av de danska blocken fick egen majoritet.<a href=\"https:\/\/www.dn.se\/varlden\/den-rokande-dansken-kan-avgora-vem-som-styr\/\"> L\u00f6kke och Moderaterne <\/a>f\u00e5r en v\u00e5gm\u00e4starroll och d\u00e4rmed blir det sv\u00e5rt att bilda en renodlad regering fr\u00e5n n\u00e5got av blocken.<\/p>\n\n\n\n<p>Det \u00e4r viktig skillnad fr\u00e5n Sverige. H\u00e4r finns inget parti som utifr\u00e5n egna bittra erfarenheter av samarbete s\u00e4ger nej till regering med ytterkantspartier. D\u00e4rf\u00f6r \u00e4r f\u00f6ruts\u00e4ttningarna f\u00f6r block\u00f6verskridande samarbete \u00e4nnu s\u00e5 l\u00e4nge b\u00e4ttre i Danmark. <\/p>\n\n\n\n<p><\/p>\n","protected":false},"excerpt":{"rendered":"<p>Valet huvudpersoner statsminister Mette Frederiksen (S) och utrikesminister Lars L\u00f6kke Rasmussen, Moderaterne. S\u00e5 var det dags f\u00f6r val igen i Danmark. I november var det kommunalval. D\u00e4r var en skillnad fr\u00e5n Sverige tydlig och inspirerande. P\u00e5 de flesta h\u00e5ll kom partierna med till synes gott hum\u00f6r \u00f6verens om styre redan p\u00e5 valnatten, inte som inte [&hellip;]<\/p>\n","protected":false},"author":1,"featured_media":0,"comment_status":"open","ping_status":"closed","sticky":false,"template":"","format":"standard","meta":{"_jetpack_memberships_contains_paid_content":false,"footnotes":""},"categories":[10],"tags":[],"class_list":["post-650","post","type-post","status-publish","format-standard","hentry","category-allman-inlagg"],"yoast_head":"<!-- This site is optimized with the Yoast SEO plugin v27.2 - https:\/\/yoast.com\/product\/yoast-seo-wordpress\/ -->\n<title>Breda mitten i Danmark l\u00e4ckte v\u00e4ljare men Moderaterne beh\u00e5ller regeringsnyckeln - Richard Appelbom<\/title>\n<meta name=\"description\" content=\"Partierna i den danska mittenregeringen f\u00f6rlorade v\u00e4ljare, men Lars L\u00f6kke och Moderaterne har nyckeln till regeringsmakten\" \/>\n<meta name=\"robots\" content=\"index, follow, max-snippet:-1, max-image-preview:large, max-video-preview:-1\" \/>\n<link rel=\"canonical\" href=\"https:\/\/www.richardappelbom.se\/index.php\/2026\/03\/26\/breda-mitten-i-danmark-lackte-valjare-men-moderterne-behaller-regeringsnyckeln\/\" \/>\n<meta property=\"og:locale\" content=\"en_US\" \/>\n<meta property=\"og:type\" content=\"article\" \/>\n<meta property=\"og:title\" content=\"Breda mitten i Danmark l\u00e4ckte v\u00e4ljare men Moderaterne beh\u00e5ller regeringsnyckeln - Richard Appelbom\" \/>\n<meta property=\"og:description\" content=\"Partierna i den danska mittenregeringen f\u00f6rlorade v\u00e4ljare, men Lars L\u00f6kke och Moderaterne har nyckeln till regeringsmakten\" \/>\n<meta property=\"og:url\" content=\"https:\/\/www.richardappelbom.se\/index.php\/2026\/03\/26\/breda-mitten-i-danmark-lackte-valjare-men-moderterne-behaller-regeringsnyckeln\/\" \/>\n<meta property=\"og:site_name\" content=\"Richard Appelbom\" \/>\n<meta property=\"article:publisher\" content=\"https:\/\/www.facebook.com\/rappelbom\" \/>\n<meta property=\"article:author\" content=\"https:\/\/www.facebook.com\/rappelbom\" \/>\n<meta property=\"article:published_time\" content=\"2026-03-26T18:13:37+00:00\" \/>\n<meta property=\"article:modified_time\" content=\"2026-03-26T18:38:33+00:00\" \/>\n<meta property=\"og:image\" content=\"https:\/\/www.richardappelbom.se\/wp-content\/uploads\/2026\/03\/Mette-Frederiksen.jpg\" \/>\n\t<meta property=\"og:image:width\" content=\"238\" \/>\n\t<meta property=\"og:image:height\" content=\"211\" \/>\n\t<meta property=\"og:image:type\" content=\"image\/jpeg\" \/>\n<meta name=\"author\" content=\"admin\" \/>\n<meta name=\"twitter:card\" content=\"summary_large_image\" \/>\n<meta name=\"twitter:creator\" content=\"@RichardAppelbom\" \/>\n<meta name=\"twitter:site\" content=\"@RichardAppelbom\" \/>\n<meta name=\"twitter:label1\" content=\"Written by\" \/>\n\t<meta name=\"twitter:data1\" content=\"admin\" \/>\n\t<meta name=\"twitter:label2\" content=\"Est. reading time\" \/>\n\t<meta name=\"twitter:data2\" content=\"5 minutes\" \/>\n<script type=\"application\/ld+json\" class=\"yoast-schema-graph\">{\"@context\":\"https:\/\/schema.org\",\"@graph\":[{\"@type\":\"Article\",\"@id\":\"https:\/\/www.richardappelbom.se\/index.php\/2026\/03\/26\/breda-mitten-i-danmark-lackte-valjare-men-moderterne-behaller-regeringsnyckeln\/#article\",\"isPartOf\":{\"@id\":\"https:\/\/www.richardappelbom.se\/index.php\/2026\/03\/26\/breda-mitten-i-danmark-lackte-valjare-men-moderterne-behaller-regeringsnyckeln\/\"},\"author\":{\"name\":\"admin\",\"@id\":\"https:\/\/www.richardappelbom.se\/#\/schema\/person\/98f55ffd095155d902e585f10999a15d\"},\"headline\":\"Breda mitten i Danmark l\u00e4ckte v\u00e4ljare men Moderaterne beh\u00e5ller regeringsnyckeln\",\"datePublished\":\"2026-03-26T18:13:37+00:00\",\"dateModified\":\"2026-03-26T18:38:33+00:00\",\"mainEntityOfPage\":{\"@id\":\"https:\/\/www.richardappelbom.se\/index.php\/2026\/03\/26\/breda-mitten-i-danmark-lackte-valjare-men-moderterne-behaller-regeringsnyckeln\/\"},\"wordCount\":1096,\"commentCount\":1,\"image\":{\"@id\":\"https:\/\/www.richardappelbom.se\/index.php\/2026\/03\/26\/breda-mitten-i-danmark-lackte-valjare-men-moderterne-behaller-regeringsnyckeln\/#primaryimage\"},\"thumbnailUrl\":\"https:\/\/www.richardappelbom.se\/wp-content\/uploads\/2026\/03\/Mette-Frederiksen.jpg\",\"articleSection\":[\"Allm\u00e4n Posts\"],\"inLanguage\":\"en-US\",\"potentialAction\":[{\"@type\":\"CommentAction\",\"name\":\"Comment\",\"target\":[\"https:\/\/www.richardappelbom.se\/index.php\/2026\/03\/26\/breda-mitten-i-danmark-lackte-valjare-men-moderterne-behaller-regeringsnyckeln\/#respond\"]}]},{\"@type\":\"WebPage\",\"@id\":\"https:\/\/www.richardappelbom.se\/index.php\/2026\/03\/26\/breda-mitten-i-danmark-lackte-valjare-men-moderterne-behaller-regeringsnyckeln\/\",\"url\":\"https:\/\/www.richardappelbom.se\/index.php\/2026\/03\/26\/breda-mitten-i-danmark-lackte-valjare-men-moderterne-behaller-regeringsnyckeln\/\",\"name\":\"Breda mitten i Danmark l\u00e4ckte v\u00e4ljare men Moderaterne beh\u00e5ller regeringsnyckeln - Richard Appelbom\",\"isPartOf\":{\"@id\":\"https:\/\/www.richardappelbom.se\/#website\"},\"primaryImageOfPage\":{\"@id\":\"https:\/\/www.richardappelbom.se\/index.php\/2026\/03\/26\/breda-mitten-i-danmark-lackte-valjare-men-moderterne-behaller-regeringsnyckeln\/#primaryimage\"},\"image\":{\"@id\":\"https:\/\/www.richardappelbom.se\/index.php\/2026\/03\/26\/breda-mitten-i-danmark-lackte-valjare-men-moderterne-behaller-regeringsnyckeln\/#primaryimage\"},\"thumbnailUrl\":\"https:\/\/www.richardappelbom.se\/wp-content\/uploads\/2026\/03\/Mette-Frederiksen.jpg\",\"datePublished\":\"2026-03-26T18:13:37+00:00\",\"dateModified\":\"2026-03-26T18:38:33+00:00\",\"author\":{\"@id\":\"https:\/\/www.richardappelbom.se\/#\/schema\/person\/98f55ffd095155d902e585f10999a15d\"},\"description\":\"Partierna i den danska mittenregeringen f\u00f6rlorade v\u00e4ljare, men Lars L\u00f6kke och Moderaterne har nyckeln till regeringsmakten\",\"breadcrumb\":{\"@id\":\"https:\/\/www.richardappelbom.se\/index.php\/2026\/03\/26\/breda-mitten-i-danmark-lackte-valjare-men-moderterne-behaller-regeringsnyckeln\/#breadcrumb\"},\"inLanguage\":\"en-US\",\"potentialAction\":[{\"@type\":\"ReadAction\",\"target\":[\"https:\/\/www.richardappelbom.se\/index.php\/2026\/03\/26\/breda-mitten-i-danmark-lackte-valjare-men-moderterne-behaller-regeringsnyckeln\/\"]}]},{\"@type\":\"ImageObject\",\"inLanguage\":\"en-US\",\"@id\":\"https:\/\/www.richardappelbom.se\/index.php\/2026\/03\/26\/breda-mitten-i-danmark-lackte-valjare-men-moderterne-behaller-regeringsnyckeln\/#primaryimage\",\"url\":\"https:\/\/www.richardappelbom.se\/wp-content\/uploads\/2026\/03\/Mette-Frederiksen.jpg\",\"contentUrl\":\"https:\/\/www.richardappelbom.se\/wp-content\/uploads\/2026\/03\/Mette-Frederiksen.jpg\",\"width\":238,\"height\":211},{\"@type\":\"BreadcrumbList\",\"@id\":\"https:\/\/www.richardappelbom.se\/index.php\/2026\/03\/26\/breda-mitten-i-danmark-lackte-valjare-men-moderterne-behaller-regeringsnyckeln\/#breadcrumb\",\"itemListElement\":[{\"@type\":\"ListItem\",\"position\":1,\"name\":\"Home\",\"item\":\"https:\/\/www.richardappelbom.se\/\"},{\"@type\":\"ListItem\",\"position\":2,\"name\":\"Breda mitten i Danmark l\u00e4ckte v\u00e4ljare men Moderaterne beh\u00e5ller regeringsnyckeln\"}]},{\"@type\":\"WebSite\",\"@id\":\"https:\/\/www.richardappelbom.se\/#website\",\"url\":\"https:\/\/www.richardappelbom.se\/\",\"name\":\"Richard Appelbom\",\"description\":\"En blogg om val och valsystem\",\"potentialAction\":[{\"@type\":\"SearchAction\",\"target\":{\"@type\":\"EntryPoint\",\"urlTemplate\":\"https:\/\/www.richardappelbom.se\/?s={search_term_string}\"},\"query-input\":{\"@type\":\"PropertyValueSpecification\",\"valueRequired\":true,\"valueName\":\"search_term_string\"}}],\"inLanguage\":\"en-US\"},{\"@type\":\"Person\",\"@id\":\"https:\/\/www.richardappelbom.se\/#\/schema\/person\/98f55ffd095155d902e585f10999a15d\",\"name\":\"admin\",\"image\":{\"@type\":\"ImageObject\",\"inLanguage\":\"en-US\",\"@id\":\"https:\/\/secure.gravatar.com\/avatar\/480edd36f6cc3945e6b2db9fdc6f78df2a3fb98b7b27925b8d810863cfa537e7?s=96&d=mm&r=g\",\"url\":\"https:\/\/secure.gravatar.com\/avatar\/480edd36f6cc3945e6b2db9fdc6f78df2a3fb98b7b27925b8d810863cfa537e7?s=96&d=mm&r=g\",\"contentUrl\":\"https:\/\/secure.gravatar.com\/avatar\/480edd36f6cc3945e6b2db9fdc6f78df2a3fb98b7b27925b8d810863cfa537e7?s=96&d=mm&r=g\",\"caption\":\"admin\"},\"sameAs\":[\"https:\/\/www.facebook.com\/rappelbom\",\"https:\/\/twitter.com\/RichardAppelbom\"],\"url\":\"https:\/\/www.richardappelbom.se\/index.php\/author\/ra_j9l6616t\/\"}]}<\/script>\n<!-- \/ Yoast SEO plugin. -->","yoast_head_json":{"title":"Breda mitten i Danmark l\u00e4ckte v\u00e4ljare men Moderaterne beh\u00e5ller regeringsnyckeln - Richard Appelbom","description":"Partierna i den danska mittenregeringen f\u00f6rlorade v\u00e4ljare, men Lars L\u00f6kke och Moderaterne har nyckeln till regeringsmakten","robots":{"index":"index","follow":"follow","max-snippet":"max-snippet:-1","max-image-preview":"max-image-preview:large","max-video-preview":"max-video-preview:-1"},"canonical":"https:\/\/www.richardappelbom.se\/index.php\/2026\/03\/26\/breda-mitten-i-danmark-lackte-valjare-men-moderterne-behaller-regeringsnyckeln\/","og_locale":"en_US","og_type":"article","og_title":"Breda mitten i Danmark l\u00e4ckte v\u00e4ljare men Moderaterne beh\u00e5ller regeringsnyckeln - Richard Appelbom","og_description":"Partierna i den danska mittenregeringen f\u00f6rlorade v\u00e4ljare, men Lars L\u00f6kke och Moderaterne har nyckeln till regeringsmakten","og_url":"https:\/\/www.richardappelbom.se\/index.php\/2026\/03\/26\/breda-mitten-i-danmark-lackte-valjare-men-moderterne-behaller-regeringsnyckeln\/","og_site_name":"Richard Appelbom","article_publisher":"https:\/\/www.facebook.com\/rappelbom","article_author":"https:\/\/www.facebook.com\/rappelbom","article_published_time":"2026-03-26T18:13:37+00:00","article_modified_time":"2026-03-26T18:38:33+00:00","og_image":[{"width":238,"height":211,"url":"https:\/\/www.richardappelbom.se\/wp-content\/uploads\/2026\/03\/Mette-Frederiksen.jpg","type":"image\/jpeg"}],"author":"admin","twitter_card":"summary_large_image","twitter_creator":"@RichardAppelbom","twitter_site":"@RichardAppelbom","twitter_misc":{"Written by":"admin","Est. reading time":"5 minutes"},"schema":{"@context":"https:\/\/schema.org","@graph":[{"@type":"Article","@id":"https:\/\/www.richardappelbom.se\/index.php\/2026\/03\/26\/breda-mitten-i-danmark-lackte-valjare-men-moderterne-behaller-regeringsnyckeln\/#article","isPartOf":{"@id":"https:\/\/www.richardappelbom.se\/index.php\/2026\/03\/26\/breda-mitten-i-danmark-lackte-valjare-men-moderterne-behaller-regeringsnyckeln\/"},"author":{"name":"admin","@id":"https:\/\/www.richardappelbom.se\/#\/schema\/person\/98f55ffd095155d902e585f10999a15d"},"headline":"Breda mitten i Danmark l\u00e4ckte v\u00e4ljare men Moderaterne beh\u00e5ller regeringsnyckeln","datePublished":"2026-03-26T18:13:37+00:00","dateModified":"2026-03-26T18:38:33+00:00","mainEntityOfPage":{"@id":"https:\/\/www.richardappelbom.se\/index.php\/2026\/03\/26\/breda-mitten-i-danmark-lackte-valjare-men-moderterne-behaller-regeringsnyckeln\/"},"wordCount":1096,"commentCount":1,"image":{"@id":"https:\/\/www.richardappelbom.se\/index.php\/2026\/03\/26\/breda-mitten-i-danmark-lackte-valjare-men-moderterne-behaller-regeringsnyckeln\/#primaryimage"},"thumbnailUrl":"https:\/\/www.richardappelbom.se\/wp-content\/uploads\/2026\/03\/Mette-Frederiksen.jpg","articleSection":["Allm\u00e4n Posts"],"inLanguage":"en-US","potentialAction":[{"@type":"CommentAction","name":"Comment","target":["https:\/\/www.richardappelbom.se\/index.php\/2026\/03\/26\/breda-mitten-i-danmark-lackte-valjare-men-moderterne-behaller-regeringsnyckeln\/#respond"]}]},{"@type":"WebPage","@id":"https:\/\/www.richardappelbom.se\/index.php\/2026\/03\/26\/breda-mitten-i-danmark-lackte-valjare-men-moderterne-behaller-regeringsnyckeln\/","url":"https:\/\/www.richardappelbom.se\/index.php\/2026\/03\/26\/breda-mitten-i-danmark-lackte-valjare-men-moderterne-behaller-regeringsnyckeln\/","name":"Breda mitten i Danmark l\u00e4ckte v\u00e4ljare men Moderaterne beh\u00e5ller regeringsnyckeln - Richard Appelbom","isPartOf":{"@id":"https:\/\/www.richardappelbom.se\/#website"},"primaryImageOfPage":{"@id":"https:\/\/www.richardappelbom.se\/index.php\/2026\/03\/26\/breda-mitten-i-danmark-lackte-valjare-men-moderterne-behaller-regeringsnyckeln\/#primaryimage"},"image":{"@id":"https:\/\/www.richardappelbom.se\/index.php\/2026\/03\/26\/breda-mitten-i-danmark-lackte-valjare-men-moderterne-behaller-regeringsnyckeln\/#primaryimage"},"thumbnailUrl":"https:\/\/www.richardappelbom.se\/wp-content\/uploads\/2026\/03\/Mette-Frederiksen.jpg","datePublished":"2026-03-26T18:13:37+00:00","dateModified":"2026-03-26T18:38:33+00:00","author":{"@id":"https:\/\/www.richardappelbom.se\/#\/schema\/person\/98f55ffd095155d902e585f10999a15d"},"description":"Partierna i den danska mittenregeringen f\u00f6rlorade v\u00e4ljare, men Lars L\u00f6kke och Moderaterne har nyckeln till regeringsmakten","breadcrumb":{"@id":"https:\/\/www.richardappelbom.se\/index.php\/2026\/03\/26\/breda-mitten-i-danmark-lackte-valjare-men-moderterne-behaller-regeringsnyckeln\/#breadcrumb"},"inLanguage":"en-US","potentialAction":[{"@type":"ReadAction","target":["https:\/\/www.richardappelbom.se\/index.php\/2026\/03\/26\/breda-mitten-i-danmark-lackte-valjare-men-moderterne-behaller-regeringsnyckeln\/"]}]},{"@type":"ImageObject","inLanguage":"en-US","@id":"https:\/\/www.richardappelbom.se\/index.php\/2026\/03\/26\/breda-mitten-i-danmark-lackte-valjare-men-moderterne-behaller-regeringsnyckeln\/#primaryimage","url":"https:\/\/www.richardappelbom.se\/wp-content\/uploads\/2026\/03\/Mette-Frederiksen.jpg","contentUrl":"https:\/\/www.richardappelbom.se\/wp-content\/uploads\/2026\/03\/Mette-Frederiksen.jpg","width":238,"height":211},{"@type":"BreadcrumbList","@id":"https:\/\/www.richardappelbom.se\/index.php\/2026\/03\/26\/breda-mitten-i-danmark-lackte-valjare-men-moderterne-behaller-regeringsnyckeln\/#breadcrumb","itemListElement":[{"@type":"ListItem","position":1,"name":"Home","item":"https:\/\/www.richardappelbom.se\/"},{"@type":"ListItem","position":2,"name":"Breda mitten i Danmark l\u00e4ckte v\u00e4ljare men Moderaterne beh\u00e5ller regeringsnyckeln"}]},{"@type":"WebSite","@id":"https:\/\/www.richardappelbom.se\/#website","url":"https:\/\/www.richardappelbom.se\/","name":"Richard Appelbom","description":"En blogg om val och valsystem","potentialAction":[{"@type":"SearchAction","target":{"@type":"EntryPoint","urlTemplate":"https:\/\/www.richardappelbom.se\/?s={search_term_string}"},"query-input":{"@type":"PropertyValueSpecification","valueRequired":true,"valueName":"search_term_string"}}],"inLanguage":"en-US"},{"@type":"Person","@id":"https:\/\/www.richardappelbom.se\/#\/schema\/person\/98f55ffd095155d902e585f10999a15d","name":"admin","image":{"@type":"ImageObject","inLanguage":"en-US","@id":"https:\/\/secure.gravatar.com\/avatar\/480edd36f6cc3945e6b2db9fdc6f78df2a3fb98b7b27925b8d810863cfa537e7?s=96&d=mm&r=g","url":"https:\/\/secure.gravatar.com\/avatar\/480edd36f6cc3945e6b2db9fdc6f78df2a3fb98b7b27925b8d810863cfa537e7?s=96&d=mm&r=g","contentUrl":"https:\/\/secure.gravatar.com\/avatar\/480edd36f6cc3945e6b2db9fdc6f78df2a3fb98b7b27925b8d810863cfa537e7?s=96&d=mm&r=g","caption":"admin"},"sameAs":["https:\/\/www.facebook.com\/rappelbom","https:\/\/twitter.com\/RichardAppelbom"],"url":"https:\/\/www.richardappelbom.se\/index.php\/author\/ra_j9l6616t\/"}]}},"jetpack_featured_media_url":"","jetpack_sharing_enabled":true,"_links":{"self":[{"href":"https:\/\/www.richardappelbom.se\/index.php\/wp-json\/wp\/v2\/posts\/650","targetHints":{"allow":["GET"]}}],"collection":[{"href":"https:\/\/www.richardappelbom.se\/index.php\/wp-json\/wp\/v2\/posts"}],"about":[{"href":"https:\/\/www.richardappelbom.se\/index.php\/wp-json\/wp\/v2\/types\/post"}],"author":[{"embeddable":true,"href":"https:\/\/www.richardappelbom.se\/index.php\/wp-json\/wp\/v2\/users\/1"}],"replies":[{"embeddable":true,"href":"https:\/\/www.richardappelbom.se\/index.php\/wp-json\/wp\/v2\/comments?post=650"}],"version-history":[{"count":3,"href":"https:\/\/www.richardappelbom.se\/index.php\/wp-json\/wp\/v2\/posts\/650\/revisions"}],"predecessor-version":[{"id":655,"href":"https:\/\/www.richardappelbom.se\/index.php\/wp-json\/wp\/v2\/posts\/650\/revisions\/655"}],"wp:attachment":[{"href":"https:\/\/www.richardappelbom.se\/index.php\/wp-json\/wp\/v2\/media?parent=650"}],"wp:term":[{"taxonomy":"category","embeddable":true,"href":"https:\/\/www.richardappelbom.se\/index.php\/wp-json\/wp\/v2\/categories?post=650"},{"taxonomy":"post_tag","embeddable":true,"href":"https:\/\/www.richardappelbom.se\/index.php\/wp-json\/wp\/v2\/tags?post=650"}],"curies":[{"name":"wp","href":"https:\/\/api.w.org\/{rel}","templated":true}]}}